{"id":64437,"date":"2023-11-07T17:45:24","date_gmt":"2023-11-07T17:45:24","guid":{"rendered":"https:\/\/socialbee.com\/blog\/marca-personal-ejemplos\/"},"modified":"2025-07-22T07:26:25","modified_gmt":"2025-07-22T07:26:25","slug":"marca-personal-ejemplos","status":"publish","type":"post","link":"https:\/\/socialbee.com\/es\/blog\/marca-personal-ejemplos\/","title":{"rendered":"10 Ejemplos Inspiradores de Marca Personal en las Redes Sociales de los que Aprender"},"content":{"rendered":"\t\t<div data-elementor-type=\"wp-post\" data-elementor-id=\"64437\" class=\"elementor elementor-64437 elementor-48335\" data-elementor-post-type=\"post\">\n\t\t\t\t<div class=\"elementor-element elementor-element-435bd1d0 e-flex e-con-boxed e-con e-parent\" data-id=\"435bd1d0\" data-element_type=\"container\" data-e-type=\"container\">\n\t\t\t\t\t<div class=\"e-con-inner\">\n\t\t\t\t<div class=\"elementor-element elementor-element-6a3c262 elementor-author-box--layout-image-left elementor-author-box--align-left elementor-author-box--image-valign-middle elementor-widget elementor-widget-author-box\" data-id=\"6a3c262\" data-element_type=\"widget\" data-e-type=\"widget\" data-widget_type=\"author-box.default\">\n\t\t\t\t<div class=\"elementor-widget-container\">\n\t\t\t\t\t\t\t<div class=\"elementor-author-box\">\n\t\t\t\t\t\t\t<div  class=\"elementor-author-box__avatar\">\n\t\t\t\t\t<img decoding=\"async\" src=\"https:\/\/socialbee.com\/wp-content\/uploads\/2023\/08\/Anastasia-Muha-e1693297061670-300x246.jpeg\" alt=\"Imagen de Escrito por Anastasia\" loading=\"lazy\">\n\t\t\t\t<\/div>\n\t\t\t\n\t\t\t<div class=\"elementor-author-box__text\">\n\t\t\t\t\t\t\t\t\t<div >\n\t\t\t\t\t\t<div class=\"elementor-author-box__name\">\n\t\t\t\t\t\t\tEscrito por Anastasia\t\t\t\t\t\t<\/div>\n\t\t\t\t\t<\/div>\n\t\t\t\t\n\t\t\t\t\t\t\t\t\t<div class=\"elementor-author-box__bio\">\n\t\t\t\t\t\t<p>Redactor de contenidos en SocialBee<\/p>\n\t\t\t\t\t<\/div>\n\t\t\t\t\n\t\t\t\t\t\t\t<\/div>\n\t\t<\/div>\n\t\t\t\t\t\t<\/div>\n\t\t\t\t<\/div>\n\t\t\t\t<div class=\"elementor-element elementor-element-12ab34fa elementor-widget elementor-widget-text-editor\" data-id=\"12ab34fa\" data-element_type=\"widget\" data-e-type=\"widget\" data-widget_type=\"text-editor.default\">\n\t\t\t\t<div class=\"elementor-widget-container\">\n\t\t\t\t\t\t\t\t\t<p><span style=\"font-weight: 400;\">En la era del marketing digital y <\/span><a href=\"https:\/\/socialbee.com\/blog\/social-media-branding\/\" target=\"_blank\" rel=\"noopener\"><span style=\"font-weight: 400;\">redes sociales <\/span><\/a><span style=\"font-weight: 400;\">crear una marca personal fuerte se ha convertido en algo vital para los profesionales de muchos sectores diferentes. <\/span><\/p><p><span style=\"font-weight: 400;\">Desde l\u00edderes de opini\u00f3n a empresarios de \u00e9xito, una marca personal potente puede diferenciarte de la competencia y conectarte con tu p\u00fablico objetivo. <\/span><\/p><p><span style=\"font-weight: 400;\">Si est\u00e1s deseando iniciar tu viaje, sigue leyendo mientras descubrimos 10 inspiradores ejemplos personales de branding, revelamos los componentes de una poderosa identidad de marca y proporcionamos consejos para ayudarte a alcanzar tus objetivos.<\/span><\/p><p><span style=\"font-weight: 400;\">\t\t<div data-elementor-type=\"section\" data-elementor-id=\"64072\" class=\"elementor elementor-64072 elementor-46985 elementor-46985\" data-elementor-post-type=\"elementor_library\">\n\t\t\t\t\t<section class=\"elementor-section elementor-top-section elementor-element elementor-element-55f6948 elementor-section-boxed elementor-section-height-default elementor-section-height-default\" data-id=\"55f6948\" data-element_type=\"section\" data-e-type=\"section\">\n\t\t\t\t\t\t<div class=\"elementor-container elementor-column-gap-default\">\n\t\t\t\t\t<div class=\"elementor-column elementor-col-100 elementor-top-column elementor-element elementor-element-745422a\" data-id=\"745422a\" data-element_type=\"column\" data-e-type=\"column\" data-settings=\"{&quot;background_background&quot;:&quot;classic&quot;}\">\n\t\t\t<div class=\"elementor-widget-wrap elementor-element-populated\">\n\t\t\t\t\t\t<section class=\"elementor-section elementor-inner-section elementor-element elementor-element-ff6d17b elementor-section-full_width elementor-section-height-default elementor-section-height-default\" data-id=\"ff6d17b\" data-element_type=\"section\" data-e-type=\"section\">\n\t\t\t\t\t\t<div class=\"elementor-container elementor-column-gap-default\">\n\t\t\t\t\t<div class=\"elementor-column elementor-col-50 elementor-inner-column elementor-element elementor-element-6d30b7c\" data-id=\"6d30b7c\" data-element_type=\"column\" data-e-type=\"column\">\n\t\t\t<div class=\"elementor-widget-wrap elementor-element-populated\">\n\t\t\t\t\t\t<div class=\"elementor-element elementor-element-d804d89 elementor-widget elementor-widget-heading\" data-id=\"d804d89\" data-element_type=\"widget\" data-e-type=\"widget\" data-widget_type=\"heading.default\">\n\t\t\t\t<div class=\"elementor-widget-container\">\n\t\t\t\t\t<div class=\"elementor-heading-title elementor-size-default\">Plantilla estrat\u00e9gica para redes sociales<\/div>\t\t\t\t<\/div>\n\t\t\t\t<\/div>\n\t\t\t\t<div class=\"elementor-element elementor-element-07fb656 elementor-widget-tablet__width-inherit elementor-widget elementor-widget-text-editor\" data-id=\"07fb656\" data-element_type=\"widget\" data-e-type=\"widget\" data-widget_type=\"text-editor.default\">\n\t\t\t\t<div class=\"elementor-widget-container\">\n\t\t\t\t\t\t\t\t\tOptimiza tu marketing con una plantilla estrat\u00e9gica para redes sociales. \t\t\t\t\t\t\t\t<\/div>\n\t\t\t\t<\/div>\n\t\t\t\t<div class=\"elementor-element elementor-element-17aa7087 elementor-button-align-stretch elementor-widget elementor-widget-form\" data-id=\"17aa7087\" data-element_type=\"widget\" data-e-type=\"widget\" data-settings=\"{&quot;step_next_label&quot;:&quot;Siguiente&quot;,&quot;step_previous_label&quot;:&quot;Anterior&quot;,&quot;step_type&quot;:&quot;number_text&quot;,&quot;step_icon_shape&quot;:&quot;circle&quot;}\" data-widget_type=\"form.default\">\n\t\t\t\t<div class=\"elementor-widget-container\">\n\t\t\t\t\t\t\t<form class=\"elementor-form\" method=\"post\" name=\"Calendario de marketing\" aria-label=\"Calendario de marketing\">\n\t\t\t<input type=\"hidden\" name=\"post_id\" value=\"64072\"\/>\n\t\t\t<input type=\"hidden\" name=\"form_id\" value=\"17aa7087\"\/>\n\t\t\t<input type=\"hidden\" name=\"referer_title\" value=\"C\u00f3mo compartir publicaciones de Facebook en Instagram con \u00e9xito - SocialBee\" \/>\n\n\t\t\t\t\t\t\t<input type=\"hidden\" name=\"queried_id\" value=\"64428\"\/>\n\t\t\t\n\t\t\t<div class=\"elementor-form-fields-wrapper elementor-labels-above\">\n\t\t\t\t\t\t\t\t<div class=\"elementor-field-type-text elementor-field-group elementor-column elementor-field-group-first_name elementor-col-40\">\n\t\t\t\t\t\t\t\t\t\t\t\t\t<input size=\"1\" type=\"text\" name=\"form_fields[first_name]\" id=\"form-field-first_name\" class=\"elementor-field elementor-size-xs  elementor-field-textual\" placeholder=\"Nombre\">\n\t\t\t\t\t\t\t\t\t\t\t<\/div>\n\t\t\t\t\t\t\t\t<div class=\"elementor-field-type-email elementor-field-group elementor-column elementor-field-group-email elementor-col-60 elementor-field-required elementor-mark-required\">\n\t\t\t\t\t\t\t\t\t\t\t\t\t<input size=\"1\" type=\"email\" name=\"form_fields[email]\" id=\"form-field-email\" class=\"elementor-field elementor-size-xs  elementor-field-textual\" placeholder=\"Correo electr\u00f3nico\" required=\"required\">\n\t\t\t\t\t\t\t\t\t\t\t<\/div>\n\t\t\t\t\t\t\t\t<div class=\"elementor-field-type-recaptcha_v3 elementor-field-group elementor-column elementor-field-group-field_8392f05 elementor-col-100 recaptcha_v3-bottomleft\">\n\t\t\t\t\t<div class=\"elementor-field\" id=\"form-field-field_8392f05\"><div class=\"elementor-g-recaptcha\" data-sitekey=\"6LecDD0nAAAAACT5FX-YcC_oNJBBnhHp0jcjPeVL\" data-type=\"v3\" data-action=\"Form\" data-badge=\"bottomleft\" data-size=\"invisible\"><\/div><\/div>\t\t\t\t<\/div>\n\t\t\t\t\t\t\t\t<div class=\"elementor-field-group elementor-column elementor-field-type-submit elementor-col-100 e-form__buttons\">\n\t\t\t\t\t<button class=\"elementor-button elementor-size-md\" type=\"submit\">\n\t\t\t\t\t\t<span class=\"elementor-button-content-wrapper\">\n\t\t\t\t\t\t\t\t\t\t\t\t\t\t\t\t\t\t\t\t\t\t<span class=\"elementor-button-text\">Obt\u00e9n este recurso<\/span>\n\t\t\t\t\t\t\t\t\t\t\t\t\t<\/span>\n\t\t\t\t\t<\/button>\n\t\t\t\t<\/div>\n\t\t\t<\/div>\n\t\t<\/form>\n\t\t\t\t\t\t<\/div>\n\t\t\t\t<\/div>\n\t\t\t\t<div class=\"elementor-element elementor-element-4361760 elementor-widget elementor-widget-global elementor-global-65149 elementor-global-65051 elementor-global-65051 elementor-widget-text-editor\" data-id=\"4361760\" data-element_type=\"widget\" data-e-type=\"widget\" data-widget_type=\"text-editor.default\">\n\t\t\t\t<div class=\"elementor-widget-container\">\n\t\t\t\t\t\t\t\t\t<p>Somos SocialBee LABS SRL, parte de WebPros. Utilizamos la informaci\u00f3n que nos proporcionas para compartir contenido relevante y actualizaciones de productos, como se indica en nuestra <a href=\"https:\/\/socialbee.com\/privacy-policy\/\" target=\"_blank\" rel=\"noopener\">Pol\u00edtica de privacidad<\/a>. Puedes darte de baja en cualquier momento.  <\/p>\t\t\t\t\t\t\t\t<\/div>\n\t\t\t\t<\/div>\n\t\t\t\t\t<\/div>\n\t\t<\/div>\n\t\t\t\t<div class=\"elementor-column elementor-col-50 elementor-inner-column elementor-element elementor-element-3303fbf elementor-hidden-mobile elementor-hidden-tablet\" data-id=\"3303fbf\" data-element_type=\"column\" data-e-type=\"column\">\n\t\t\t<div class=\"elementor-widget-wrap elementor-element-populated\">\n\t\t\t\t\t\t<div class=\"elementor-element elementor-element-330c299 elementor-widget elementor-widget-image\" data-id=\"330c299\" data-element_type=\"widget\" data-e-type=\"widget\" data-widget_type=\"image.default\">\n\t\t\t\t<div class=\"elementor-widget-container\">\n\t\t\t\t\t\t\t\t\t\t\t\t\t\t\t<img fetchpriority=\"high\" decoding=\"async\" width=\"641\" height=\"789\" src=\"https:\/\/socialbee.com\/wp-content\/uploads\/2023\/08\/Free-social-strategy-template-by-SocialBee.png\" class=\"attachment-medium_large size-medium_large wp-image-61499\" alt=\"\" srcset=\"https:\/\/socialbee.com\/wp-content\/uploads\/2023\/08\/Free-social-strategy-template-by-SocialBee.png 641w, https:\/\/socialbee.com\/wp-content\/uploads\/2023\/08\/Free-social-strategy-template-by-SocialBee-244x300.png 244w\" sizes=\"(max-width: 641px) 100vw, 641px\" \/>\t\t\t\t\t\t\t\t\t\t\t\t\t\t\t<\/div>\n\t\t\t\t<\/div>\n\t\t\t\t\t<\/div>\n\t\t<\/div>\n\t\t\t\t\t<\/div>\n\t\t<\/section>\n\t\t\t\t\t<\/div>\n\t\t<\/div>\n\t\t\t\t\t<\/div>\n\t\t<\/section>\n\t\t\t\t<\/div>\n\t\t<\/span><\/p>\t\t\t\t\t\t\t\t<\/div>\n\t\t\t\t<\/div>\n\t\t<div class=\"elementor-element elementor-element-6fae51a e-flex e-con-boxed e-con e-child\" data-id=\"6fae51a\" data-element_type=\"container\" data-e-type=\"container\">\n\t\t\t\t\t<div class=\"e-con-inner\">\n\t\t\t\t<div class=\"elementor-element elementor-element-38e63f4d elementor-widget elementor-widget-text-editor\" data-id=\"38e63f4d\" data-element_type=\"widget\" data-e-type=\"widget\" data-widget_type=\"text-editor.default\">\n\t\t\t\t<div class=\"elementor-widget-container\">\n\t\t\t\t\t\t\t\t\t<h2><b>Breve resumen<\/b><\/h2><ul><li style=\"font-weight: 400;\" aria-level=\"1\"><span style=\"font-weight: 400;\">Una marca personal resume qui\u00e9n eres, qu\u00e9 representas y el valor \u00fanico que ofreces. Es una mezcla de tus habilidades, experiencias y personalidad.   <\/span><span style=\"font-weight: 400;\">Para crear una gran marca personal que resuene en tu p\u00fablico, debes centrarte en cinco elementos: tu historia, tus habilidades, tus valores, tu dise\u00f1o y tu declaraci\u00f3n de marca personal.<\/span><\/li><li aria-level=\"1\"><span style=\"font-weight: 400;\">Gary Vaynerchuk, Bren\u00e9 Brown, Neil Patel, Marie Forleo, Seth Godin, Gary Keller, Amy Porterfield, Mark Manson, Tim Ferriss y Michael Stelzner son personas con marcas personales sobresalientes.<\/span><\/li><li style=\"font-weight: 400;\" aria-level=\"1\"><span style=\"font-weight: 400;\">Las principales lecciones que hay que aprender de estos ejemplos de branding personal incluyen ser aut\u00e9ntico, mantener la coherencia, aportar valor, mantener el inter\u00e9s y establecer relaciones tanto con tu p\u00fablico objetivo como con otros profesionales del mismo campo.<\/span><\/li><li style=\"font-weight: 400;\" aria-level=\"1\">Algunos errores que hay que evitar al crear una marca personal son la incoherencia<span style=\"font-weight: 400;\">entre plataformas, la falta de claridad en las declaraciones personales branding, ignorar a tu p\u00fablico objetivo, el exceso de promoci\u00f3n, la falta de autenticidad, descuidar el compromiso y la creaci\u00f3n de relaciones, y no tener en cuenta los comentarios.<\/span><\/li><\/ul>\t\t\t\t\t\t\t\t<\/div>\n\t\t\t\t<\/div>\n\t\t\t\t\t<\/div>\n\t\t\t\t<\/div>\n\t\t\t\t<div class=\"elementor-element elementor-element-226da114 elementor-widget elementor-widget-text-editor\" data-id=\"226da114\" data-element_type=\"widget\" data-e-type=\"widget\" data-widget_type=\"text-editor.default\">\n\t\t\t\t<div class=\"elementor-widget-container\">\n\t\t\t\t\t\t\t\t\t<h2 id=\"en-que-consiste-una-marca-personal\"><strong>\u00bfEn qu\u00e9 consiste una marca personal?<\/strong><\/h2><p><b>Una marca personal resume qui\u00e9n eres, qu\u00e9 representas y el valor \u00fanico que ofreces. Es una mezcla de tus habilidades, experiencias y personalidad. Una gran marca personal resuena entre tu p\u00fablico objetivo y despierta la curiosidad de la gente. <\/b><\/p><p><span style=\"font-weight: 400;\">Piensa en tu marca personal como en un mosaico, en el que cada pieza revela un poco m\u00e1s sobre qui\u00e9n eres y qu\u00e9 puedes ofrecer. He aqu\u00ed c\u00f3mo recomponerlo: <\/span><\/p><ul><li style=\"font-weight: 400;\" aria-level=\"1\"><b>Tu historia<\/b><span style=\"font-weight: 400;\">: A todo el mundo le gusta un buen cuento. Profundiza y comparte el viaje que te ha llevado hasta donde est\u00e1s ahora. Se trata de establecer esa conexi\u00f3n humana. <\/span><\/li><li style=\"font-weight: 400;\" aria-level=\"1\"><b>Habilidades<\/b><span style=\"font-weight: 400;\">: Destaca las habilidades que est\u00e9n en consonancia con tu experiencia y tus ambiciones. Por ejemplo, si tu fuerte es la redacci\u00f3n de contenidos, muestra tus habilidades con un eslogan ingenioso. <\/span><\/li><li style=\"font-weight: 400;\" aria-level=\"1\"><b>Valores<\/b><span style=\"font-weight: 400;\">: Son tus principios rectores, que dan a los dem\u00e1s una idea clara de lo que defiendes y de lo que pueden esperar de ti.<\/span><\/li><li style=\"font-weight: 400;\" aria-level=\"1\"><b>Dise\u00f1o<\/b><span style=\"font-weight: 400;\">: Tu paleta de colores, logotipo y fuentes deben unirse para formar una identidad visual que sea inconfundiblemente t\u00fa.<\/span><\/li><li style=\"font-weight: 400;\" aria-level=\"1\"><b>Declaraci\u00f3n de marca personal<\/b><span style=\"font-weight: 400;\">: Este es tu discurso de ascensor. Elabora una declaraci\u00f3n de marca personal concisa y eficaz que exprese claramente lo que haces y c\u00f3mo beneficias a tu p\u00fablico. <\/span><\/li><\/ul><p><span style=\"font-weight: 400;\">Si dominas estos elementos, crear\u00e1s una marca personal no s\u00f3lo memorable, sino profundamente resonante.<\/span><\/p><h2 id=\"por-que-necesitas-una-solida-estrategia-de-marca-personal\"><strong>\u00bfPor qu\u00e9 necesitas una s\u00f3lida estrategia de marca personal?<\/strong><\/h2><p><span style=\"font-weight: 400;\">Personal branding no consiste s\u00f3lo en ganar seguidores en Instagram; se trata de crear una marca coherente que resuene en tu mercado objetivo y muestre tus habilidades \u00fanicas. En un mundo en el que muchos profesionales ofrecen servicios similares, tener tu propia marca te ayuda a destacar. <\/span><\/p><p><span style=\"font-weight: 400;\">Estas son las ventajas de tener una marca personal fuerte :<\/span><\/p><ul><li style=\"font-weight: 400;\" aria-level=\"1\"><b>Confianza y credibilidad:<\/b><span style=\"font-weight: 400;\"> Personal branding hace que tus habilidades y experiencia sean f\u00e1cilmente reconocibles, fomentando as\u00ed la confianza y estableciendo credibilidad.<\/span><\/li><li style=\"font-weight: 400;\" aria-level=\"1\"><b>Control personal<\/b><span style=\"font-weight: 400;\">: La elaboraci\u00f3n de una narrativa \u00fanica te coloca en el asiento del conductor, d\u00e1ndote un mayor control sobre c\u00f3mo te perciben los dem\u00e1s. <\/span><\/li><li style=\"font-weight: 400;\" aria-level=\"1\"><b>Oportunidades alineadas<\/b><span style=\"font-weight: 400;\">: Al comunicar claramente tus ofertas y valores, atraes de forma natural oportunidades que resuenan con tus <\/span><a href=\"https:\/\/socialbee.com\/blog\/business-objectives\/\" target=\"_blank\" rel=\"noopener\"><span style=\"font-weight: 400;\">objetivos empresariales<\/span><\/a><span style=\"font-weight: 400;\">.<\/span><\/li><li style=\"font-weight: 400;\" aria-level=\"1\"><b>Mayor visibilidad<\/b><span style=\"font-weight: 400;\">: Una marca personal fuerte garantiza que destaques y ampl\u00eda tu alcance, lo que es crucial para el crecimiento. <\/span><\/li><li style=\"font-weight: 400;\" aria-level=\"1\"><b>Confianza reforzada<\/b><span style=\"font-weight: 400;\">: El proceso de introspecci\u00f3n y de poner de relieve tus contribuciones \u00fanicas puede aumentar significativamente tu confianza en ti mismo.<\/span><\/li><\/ul><h2 id=\"ejemplos-inspiradores-de-marca-personal-en-las-redes-sociales\"><strong>10 ejemplos inspiradores de marca personal en las redes sociales<\/strong><\/h2><p><span style=\"font-weight: 400;\">Hemos seleccionado algunos de los ejemplos de marca personal m\u00e1s inspiradores y las lecciones que nos ense\u00f1an sobre autenticidad, coherencia, valor, compromiso y creaci\u00f3n de relaciones. <\/span><\/p><p><span style=\"font-weight: 400;\">Aqu\u00ed tienes 10 de los mejores ejemplos de marca personal:<\/span><\/p><ul><li style=\"font-weight: 400;\" aria-level=\"1\"><span style=\"font-weight: 400;\">Gary Vaynerchuk<\/span><\/li><li style=\"font-weight: 400;\" aria-level=\"1\"><span style=\"font-weight: 400;\">Bren\u00e9 Brown<\/span><\/li><li style=\"font-weight: 400;\" aria-level=\"1\"><span style=\"font-weight: 400;\">Neil Patel<\/span><\/li><li style=\"font-weight: 400;\" aria-level=\"1\"><span style=\"font-weight: 400;\">Marie Forleo<\/span><\/li><li style=\"font-weight: 400;\" aria-level=\"1\"><span style=\"font-weight: 400;\">Seth Godin<\/span><\/li><li style=\"font-weight: 400;\" aria-level=\"1\"><span style=\"font-weight: 400;\">Gary Keller<\/span><\/li><li style=\"font-weight: 400;\" aria-level=\"1\"><span style=\"font-weight: 400;\">Amy Porterfield<\/span><\/li><li style=\"font-weight: 400;\" aria-level=\"1\"><span style=\"font-weight: 400;\">Mark Manson <\/span><\/li><li style=\"font-weight: 400;\" aria-level=\"1\"><span style=\"font-weight: 400;\">Tim Ferriss<\/span><\/li><li style=\"font-weight: 400;\" aria-level=\"1\"><span style=\"font-weight: 400;\">Michael Stelzner<\/span><\/li><\/ul><h3 id=\"gary-vaynerchuk\"><strong>1. Gary Vaynerchuk: Personalidad aut\u00e9ntica y en\u00e9rgica<\/strong><\/h3><p><span style=\"font-weight: 400;\">La personalidad aut\u00e9ntica y en\u00e9rgica de Gary Vaynerchuk brilla a trav\u00e9s de su presencia en las redes sociales, lo que le convierte en un pionero del marketing digital. Es conocido por su enfoque pr\u00e1ctico y su capacidad para conectar con su p\u00fablico a nivel personal. <\/span><\/p><p><img decoding=\"async\" class=\"aligncenter wp-image-48340 size-large\" src=\"https:\/\/socialbee.com\/wp-content\/uploads\/2023\/11\/image6-1024x478.png\" alt=\"\" width=\"800\" height=\"373\" srcset=\"https:\/\/socialbee.com\/wp-content\/uploads\/2023\/11\/image6-1024x478.png 1024w, https:\/\/socialbee.com\/wp-content\/uploads\/2023\/11\/image6-300x140.png 300w, https:\/\/socialbee.com\/wp-content\/uploads\/2023\/11\/image6-768x359.png 768w, https:\/\/socialbee.com\/wp-content\/uploads\/2023\/11\/image6.png 1341w\" sizes=\"(max-width: 800px) 100vw, 800px\" \/><\/p><p style=\"text-align: center;\"><a href=\"https:\/\/garyvaynerchuk.com\/\" target=\"_blank\" rel=\"noopener\"><i><span style=\"font-weight: 400;\">Fuente<\/span><\/i><\/a><\/p><p><span style=\"font-weight: 400;\">\u00c9stos son los elementos centrales del sitio web personal de Gary branding:<\/span><\/p><ul><li style=\"font-weight: 400;\" aria-level=\"1\"><b>Su historia<\/b><span style=\"font-weight: 400;\">: La historia de Gary Vaynerchuk es la del sue\u00f1o de un inmigrante convertido en realidad. Transform\u00f3 el negocio vin\u00edcola de su padre en un imperio multimillonario y luego lanz\u00f3 una empresa de medios de comunicaci\u00f3n y salt\u00f3 al mundo del capital riesgo. Su relato est\u00e1 repleto de temas relacionados con el trabajo duro, el esp\u00edritu emprendedor y el aprovechamiento de las oportunidades de la era digital. <\/span><\/li><li style=\"font-weight: 400;\" aria-level=\"1\"><b>Habilidades<\/b><span style=\"font-weight: 400;\">: Las habilidades clave de Gary incluyen <\/span><span style=\"font-weight: 400;\">marketing digital<\/span><span style=\"font-weight: 400;\">La creaci\u00f3n de marcas y el esp\u00edritu empresarial. Tambi\u00e9n tiene un talento \u00fanico para comprender el comportamiento de los consumidores y aprovechar las tendencias de los medios sociales. <\/span><\/li><li style=\"font-weight: 400;\" aria-level=\"1\"><b>Valores<\/b><span style=\"font-weight: 400;\">: Gary habla a menudo del trabajo duro, la empat\u00eda y la paciencia. Aboga por el ajetreo, pero no a expensas de la salud mental. <\/span><\/li><li style=\"font-weight: 400;\" aria-level=\"1\"><b>Dise\u00f1o<\/b><span style=\"font-weight: 400;\">: Su est\u00e9tica de dise\u00f1o es atrevida y directa, reflejo de su estilo de comunicaci\u00f3n. Desde su logotipo hasta la presentaci\u00f3n de su contenido digital en su sitio web y en los distintos canales de las redes sociales, hay una coherencia que hace que su marca sea reconocible al instante. <\/span><\/li><li style=\"font-weight: 400;\" aria-level=\"1\"><b>Declaraci\u00f3n personal branding <\/b><span style=\"font-weight: 400;\">: El lema de Gary es \u00abEl legado es mayor que la moneda\u00bb. Es una gran declaraci\u00f3n de marca personal que capta su \u00e9tica de trabajo, su propuesta de valor y su experiencia. <\/span><\/li><\/ul><p><b>TOMA NOTA<\/b><span style=\"font-weight: 400;\">: Para emular el \u00e9xito de Gary, habla abiertamente de tu trayectoria, incluyendo tus luchas y triunfos. Un enfoque honesto resuena en la gente e <a href=\"https:\/\/socialbee.com\/blog\/digital-marketing-platforms\/\" target=\"_blank\" rel=\"noopener\">impulsa la participaci\u00f3n de la audiencia<\/a>. <\/span><\/p><h3 id=\"brene-brown\"><strong>2. Bren\u00e9 Brown: Narraci\u00f3n honesta e inspiradora<\/strong><\/h3><p><span style=\"font-weight: 400;\">La marca personal de Bren\u00e9 Brown es un testimonio del poder de la narraci\u00f3n aut\u00e9ntica, la experiencia en el propio campo y una clara declaraci\u00f3n de marca personal. Su enfoque demuestra que la experiencia profesional combinada con una expresi\u00f3n personal genuina puede crear una <a href=\"https:\/\/socialbee.com\/blog\/social-media-branding\/\" target=\"_blank\" rel=\"noopener\">marca personal <\/a><\/span><span style=\"font-weight: 400;\">poderosa e influyente<\/span><span style=\"font-weight: 400;\">.<\/span><\/p><p><img decoding=\"async\" class=\"aligncenter size-full wp-image-48358\" src=\"https:\/\/socialbee.com\/wp-content\/uploads\/2023\/11\/WhatsApp-Image-2023-11-07-at-22.45.25.jpeg\" alt=\"\" width=\"855\" height=\"505\" srcset=\"https:\/\/socialbee.com\/wp-content\/uploads\/2023\/11\/WhatsApp-Image-2023-11-07-at-22.45.25.jpeg 855w, https:\/\/socialbee.com\/wp-content\/uploads\/2023\/11\/WhatsApp-Image-2023-11-07-at-22.45.25-300x177.jpeg 300w, https:\/\/socialbee.com\/wp-content\/uploads\/2023\/11\/WhatsApp-Image-2023-11-07-at-22.45.25-768x454.jpeg 768w\" sizes=\"(max-width: 855px) 100vw, 855px\" \/><\/p><p style=\"text-align: center;\"><a href=\"https:\/\/www.linkedin.com\/in\/brenebrown\/\" target=\"_blank\" rel=\"noopener\"><i><span style=\"font-weight: 400;\">Fuente<\/span><\/i><\/a><\/p><p><span style=\"font-weight: 400;\">He aqu\u00ed en qu\u00e9 consiste la marca de Bren\u00e9 Brown:<\/span><\/p><ul><li style=\"font-weight: 400;\" aria-level=\"1\"><b>Su historia<\/b><span style=\"font-weight: 400;\">: La historia de Bren\u00e9 gira en torno a su exploraci\u00f3n de la vulnerabilidad, el valor, la verg\u00fcenza y la empat\u00eda. <\/span><\/li><li style=\"font-weight: 400;\" aria-level=\"1\"><b>Habilidades<\/b><span style=\"font-weight: 400;\">: Sus principales habilidades son su pericia investigadora, su capacidad para contar historias y su dominio de la oratoria. Traduce con eficacia conceptos psicol\u00f3gicos complejos en contenidos accesibles y comprensibles. <\/span><\/li><li style=\"font-weight: 400;\" aria-level=\"1\"><b>Valores<\/b><span style=\"font-weight: 400;\">: La valent\u00eda, la vulnerabilidad y la empat\u00eda son elementos centrales de la marca Bren\u00e9. No son s\u00f3lo temas de su investigaci\u00f3n, sino que se practican en su propia vida y comunicaci\u00f3n. <\/span><\/li><li style=\"font-weight: 400;\" aria-level=\"1\"><b>Dise\u00f1o<\/b><span style=\"font-weight: 400;\">: La est\u00e9tica del dise\u00f1o de Bren\u00e9 es profesional pero accesible, reflejando el tono de su trabajo. <\/span><\/li><li style=\"font-weight: 400;\" aria-level=\"1\"><b>Declaraci\u00f3n de marca personal<\/b><span style=\"font-weight: 400;\">: \u00abKeeping it awkward, brave, and kind\u00bb es una excelente elecci\u00f3n de palabras que no s\u00f3lo encierra sus valores, sino que tambi\u00e9n humaniza su marca.<\/span><\/li><\/ul><p><b>TOMA NOTA<\/b><span style=\"font-weight: 400;\">: Si quieres escribir una declaraci\u00f3n de marca personal convincente, c\u00e9ntrate en la claridad y el impacto. Articula tu misi\u00f3n, tu experiencia y el valor \u00fanico que aportas a tu p\u00fablico. <\/span><\/p><h3 id=\"neil-patel\"><strong>3. Neil Patel: Consejos pr\u00e1cticos y tutoriales f\u00e1ciles de seguir<\/strong><\/h3><p><span style=\"font-weight: 400;\">Como consultor de marketing, Neil Patel ha establecido una marca personal de \u00e9xito proporcionando consejos procesables y tutoriales f\u00e1ciles de seguir a las personas que buscan navegar por <a href=\"https:\/\/socialbee.com\/blog\/content-marketing-for-small-business\/\" target=\"_blank\" rel=\"noopener\">el reino del marketing de contenidos<\/a>. <\/span><\/p><p><img loading=\"lazy\" decoding=\"async\" class=\"aligncenter size-full wp-image-48361\" src=\"https:\/\/socialbee.com\/wp-content\/uploads\/2023\/11\/WhatsApp-Image-2023-11-07-at-23.05.17.jpeg\" alt=\"\" width=\"819\" height=\"535\" srcset=\"https:\/\/socialbee.com\/wp-content\/uploads\/2023\/11\/WhatsApp-Image-2023-11-07-at-23.05.17.jpeg 819w, https:\/\/socialbee.com\/wp-content\/uploads\/2023\/11\/WhatsApp-Image-2023-11-07-at-23.05.17-300x196.jpeg 300w, https:\/\/socialbee.com\/wp-content\/uploads\/2023\/11\/WhatsApp-Image-2023-11-07-at-23.05.17-768x502.jpeg 768w\" sizes=\"(max-width: 819px) 100vw, 819px\" \/><\/p><p style=\"text-align: center;\"><a href=\"https:\/\/www.linkedin.com\/in\/neilkpatel\/\" target=\"_blank\" rel=\"noopener\"><i><span style=\"font-weight: 400;\">Fuente<\/span><\/i><\/a><\/p><p><span style=\"font-weight: 400;\">Aqu\u00ed tienes el desglose de sus elementos autobranding: <\/span><\/p><ul><li style=\"font-weight: 400;\" aria-level=\"1\"><b>Su historia<\/b><span style=\"font-weight: 400;\">: El viaje de Neil desde joven emprendedor apasionado hasta renombrado experto en marketing digital es la piedra angular de su marca. Comparte abiertamente sus experiencias, \u00e9xitos y fracasos, haciendo que su historia sea cercana e inspiradora. <\/span><\/li><li style=\"font-weight: 400;\" aria-level=\"1\"><b>Habilidades<\/b><span style=\"font-weight: 400;\">: Neil es conocido por su experiencia en SEO, marketing de contenidos y estrategia digital. Tiene un don para desglosar conceptos complejos de marketing en contenido digerible y procesable. <\/span><\/li><li style=\"font-weight: 400;\" aria-level=\"1\"><b>Valores<\/b><span style=\"font-weight: 400;\">: La transparencia, el aprendizaje continuo y aportar valor son sus valores m\u00e1s predominantes. Ofrece regularmente contenidos y herramientas gratuitos y de alta calidad, mostrando su compromiso por ayudar a los dem\u00e1s a alcanzar el \u00e9xito. <\/span><\/li><li style=\"font-weight: 400;\" aria-level=\"1\"><b>Dise\u00f1o<\/b><span style=\"font-weight: 400;\">: La est\u00e9tica del dise\u00f1o de Neil Patel es limpia, profesional y f\u00e1cil de usar, lo que refleja la claridad y utilidad de la informaci\u00f3n que proporciona. <\/span><\/li><li style=\"font-weight: 400;\" aria-level=\"1\"><b>Declaraci\u00f3n de marca personal<\/b><span style=\"font-weight: 400;\">: La pregunta \u00ab\u00bfQuieres m\u00e1s tr\u00e1fico?\u00bb capta sucintamente su propuesta de valor \u00fanica, al tiempo que infunde una sensaci\u00f3n de urgencia en su audiencia.<\/span><\/li><\/ul><p><b>TOMA NOTA<\/b><span style=\"font-weight: 400;\">: C\u00e9ntrate en dominar tu oficio y s\u00e9 generoso a la hora de compartir tus conocimientos. Desglosa las ideas complejas en conceptos m\u00e1s sencillos que tu p\u00fablico pueda comprender y poner en pr\u00e1ctica f\u00e1cilmente. <\/span><\/p><h3 id=\"marie-forleo\"><strong>4. Marie Forleo: Mensaje positivo y motivador<\/strong><\/h3><p><span style=\"font-weight: 400;\">Marie Forleo, estratega empresarial y coach de vida, utiliza sus redes sociales para difundir un mensaje positivo y motivador. Su enfoque es un testimonio de su dedicaci\u00f3n a ayudar a los dem\u00e1s a alcanzar sus sue\u00f1os, lo que hace que su marca resuene entre un amplio p\u00fablico. <\/span><\/p><p><img loading=\"lazy\" decoding=\"async\" class=\"aligncenter wp-image-48357\" src=\"https:\/\/socialbee.com\/wp-content\/uploads\/2023\/11\/WhatsApp-Image-2023-11-07-at-22.39.42-670x1024.jpeg\" alt=\"\" width=\"613\" height=\"937\" srcset=\"https:\/\/socialbee.com\/wp-content\/uploads\/2023\/11\/WhatsApp-Image-2023-11-07-at-22.39.42-670x1024.jpeg 670w, https:\/\/socialbee.com\/wp-content\/uploads\/2023\/11\/WhatsApp-Image-2023-11-07-at-22.39.42-196x300.jpeg 196w, https:\/\/socialbee.com\/wp-content\/uploads\/2023\/11\/WhatsApp-Image-2023-11-07-at-22.39.42-768x1174.jpeg 768w, https:\/\/socialbee.com\/wp-content\/uploads\/2023\/11\/WhatsApp-Image-2023-11-07-at-22.39.42-1005x1536.jpeg 1005w, https:\/\/socialbee.com\/wp-content\/uploads\/2023\/11\/WhatsApp-Image-2023-11-07-at-22.39.42.jpeg 1080w\" sizes=\"(max-width: 613px) 100vw, 613px\" \/><\/p><p style=\"text-align: center;\"><a href=\"https:\/\/instagram.com\/marieforleo?igshid=dHN2Mmd2d2dhdHNh\" target=\"_blank\" rel=\"noopener\"><i><span style=\"font-weight: 400;\">Fuente<\/span><\/i><\/a><\/p><p><span style=\"font-weight: 400;\">He aqu\u00ed los elementos de la marca personal de Marie Forleo:<\/span><\/p><ul><li style=\"font-weight: 400;\" aria-level=\"1\"><b>Su historia<\/b><span style=\"font-weight: 400;\">: La historia de Marie es una historia de exploraci\u00f3n y \u00e9xito polifac\u00e9ticos. Ha sido coach de vida, profesora de danza y autora, entre otras cosas. Su trayectoria est\u00e1 marcada por la b\u00fasqueda de diversas pasiones, lo que la hace a la vez identificable e inspiradora. <\/span><\/li><li style=\"font-weight: 400;\" aria-level=\"1\"><b>Habilidades<\/b><span style=\"font-weight: 400;\">: Las habilidades clave de Marie incluyen la oratoria motivacional, el coaching empresarial y la creaci\u00f3n de contenidos. <\/span><\/li><li style=\"font-weight: 400;\" aria-level=\"1\"><b>Valores<\/b><span style=\"font-weight: 400;\">: Los valores fundamentales que brillan en la marca de Marie son el empoderamiento, la positividad y la practicidad. Se centra constantemente en capacitar a su audiencia con herramientas pr\u00e1cticas y una perspectiva optimista. <\/span><\/li><li style=\"font-weight: 400;\" aria-level=\"1\"><b>Dise\u00f1o<\/b><span style=\"font-weight: 400;\">: La est\u00e9tica del dise\u00f1o de Marie Forleo es vibrante y en\u00e9rgica, al tiempo que mantiene un tono profesional. <\/span><\/li><li style=\"font-weight: 400;\" aria-level=\"1\"><strong>D<\/strong><b>eclaraci\u00f3n de marca personal<\/b><span style=\"font-weight: 400;\">: \u00abConstruye un negocio y una vida que ames\u00bb muestra perfectamente la misi\u00f3n de Marie, a la vez que le a\u00f1ade un elemento de coraz\u00f3n.<\/span><\/li><\/ul><p><b>TOMA NOTA<\/b><span style=\"font-weight: 400;\">: Acepta y comparte los diversos aspectos de tu viaje. Tu trayectoria \u00fanica puede ser tu fuerza. Mostrar tus experiencias polifac\u00e9ticas puede inspirar a otros a perseguir sus variados intereses. <\/span><\/p><h3 id=\"seth-godin\"><strong>5. Seth Godin: Contenido sugerente y perspicaz<\/strong><\/h3><p><span style=\"font-weight: 400;\">Seth Godin, uno de los principales gur\u00fas de los negocios y el marketing, es conocido por su contenido provocador y perspicaz. Con 21 libros superventas en 39 idiomas, trastorna el pensamiento convencional e incita a su p\u00fablico a pensar con originalidad. <\/span><\/p><p><img loading=\"lazy\" decoding=\"async\" class=\"aligncenter wp-image-48344 size-large\" src=\"https:\/\/socialbee.com\/wp-content\/uploads\/2023\/11\/image10-1024x529.png\" alt=\"\" width=\"800\" height=\"413\" srcset=\"https:\/\/socialbee.com\/wp-content\/uploads\/2023\/11\/image10-1024x529.png 1024w, https:\/\/socialbee.com\/wp-content\/uploads\/2023\/11\/image10-300x155.png 300w, https:\/\/socialbee.com\/wp-content\/uploads\/2023\/11\/image10-768x397.png 768w, https:\/\/socialbee.com\/wp-content\/uploads\/2023\/11\/image10.png 1225w\" sizes=\"(max-width: 800px) 100vw, 800px\" \/><\/p><p style=\"text-align: center;\"><a href=\"https:\/\/www.sethgodin.com\/\" target=\"_blank\" rel=\"noopener\"><i><span style=\"font-weight: 400;\">Fuente<\/span><\/i><\/a><\/p><p><span style=\"font-weight: 400;\">He aqu\u00ed los componentes de la marca personal de Seth Godin:<\/span><\/p><ul><li style=\"font-weight: 400;\" aria-level=\"1\"><b>Su historia<\/b><span style=\"font-weight: 400;\">: La historia de Seth es una historia de innovaci\u00f3n y liderazgo intelectual en marketing. Desde sus libros superventas hasta su popular blog, su trayectoria est\u00e1 marcada por el compromiso de compartir la perspicaz sabidur\u00eda del marketing. <\/span><\/li><li style=\"font-weight: 400;\" aria-level=\"1\"><b>Habilidades<\/b><span style=\"font-weight: 400;\">: Sus habilidades clave incluyen el marketing, la escritura y el liderazgo de pensamiento, as\u00ed como una capacidad sin igual para destilar conceptos complejos de marketing en consejos claros y procesables.<\/span><\/li><li style=\"font-weight: 400;\" aria-level=\"1\"><b>Valores<\/b><span style=\"font-weight: 400;\">: La marca de Seth gira en torno a la innovaci\u00f3n, el aprendizaje continuo y la generosidad a la hora de compartir conocimientos. Ha superado constantemente los l\u00edmites del marketing y ha compartido sus conocimientos libremente. <\/span><\/li><li style=\"font-weight: 400;\" aria-level=\"1\"><b>Dise\u00f1o<\/b><span style=\"font-weight: 400;\">: Con una est\u00e9tica sencilla, limpia y reconocible, est\u00e1 claro que su marca no se basa en elementos visuales llamativos, sino en la fuerza y claridad de su contenido.<\/span><\/li><li style=\"font-weight: 400;\" aria-level=\"1\"><b>Declaraci\u00f3n de marca personal<\/b><span style=\"font-weight: 400;\">: La declaraci\u00f3n de marca personal de Seth podr\u00eda ser: \u00abCapacitar a los profesionales del marketing con ideas innovadoras y procesables para crear un cambio notable\u00bb. Esto le posiciona como l\u00edder de pensamiento en marketing. <\/span><\/li><\/ul><p><b>TOMA NOTA:<\/b><span style=\"font-weight: 400;\"> Identifica tus principales habilidades y perfecci\u00f3nalas continuamente. Comparte tu experiencia a trav\u00e9s de diversos medios, como blogs, libros o conferencias, asegur\u00e1ndote de que tu contenido sea perspicaz y pr\u00e1ctico. <\/span><\/p><h3 id=\"gary-keller\"><strong>6. Gary Keller: Consejos pr\u00e1cticos e historias inspiradoras<\/strong><\/h3><p><span style=\"font-weight: 400;\">Gary Keller, cofundador de una importante empresa inmobiliaria y autor de varios libros superventas del New York Times, destaca por sus historias inspiradoras y sus consejos pr\u00e1cticos. Como empresario galardonado, se compromete a ayudar a los dem\u00e1s a triunfar. <\/span><\/p><p><img loading=\"lazy\" decoding=\"async\" class=\"wp-image-48359 aligncenter\" src=\"https:\/\/socialbee.com\/wp-content\/uploads\/2023\/11\/WhatsApp-Image-2023-11-07-at-22.49.05-817x1024.jpeg\" alt=\"\" width=\"613\" height=\"768\" srcset=\"https:\/\/socialbee.com\/wp-content\/uploads\/2023\/11\/WhatsApp-Image-2023-11-07-at-22.49.05-817x1024.jpeg 817w, https:\/\/socialbee.com\/wp-content\/uploads\/2023\/11\/WhatsApp-Image-2023-11-07-at-22.49.05-239x300.jpeg 239w, https:\/\/socialbee.com\/wp-content\/uploads\/2023\/11\/WhatsApp-Image-2023-11-07-at-22.49.05-768x962.jpeg 768w, https:\/\/socialbee.com\/wp-content\/uploads\/2023\/11\/WhatsApp-Image-2023-11-07-at-22.49.05.jpeg 1079w\" sizes=\"(max-width: 613px) 100vw, 613px\" \/><\/p><p style=\"text-align: center;\"><a href=\"https:\/\/www.facebook.com\/garykeller\" target=\"_blank\" rel=\"noopener\"><i><span style=\"font-weight: 400;\">Fuente<\/span><\/i><\/a><\/p><p><span style=\"font-weight: 400;\">As\u00ed es como Gary se presenta a su p\u00fablico:<\/span><\/p><ul><li style=\"font-weight: 400;\" aria-level=\"1\"><b>Su historia<\/b><span style=\"font-weight: 400;\">: La historia de Gary Keller es una historia de esp\u00edritu emprendedor y liderazgo en el sector inmobiliario. Como cofundador de Keller Williams Realty, ha construido una de las mayores empresas inmobiliarias del mundo. Su trayectoria de agente inmobiliario a l\u00edder del sector es a la vez inspiradora e instructiva. <\/span><\/li><li style=\"font-weight: 400;\" aria-level=\"1\"><b>Habilidades<\/b><span style=\"font-weight: 400;\">: Las habilidades clave de Keller incluyen experiencia inmobiliaria, liderazgo y pensamiento estrat\u00e9gico. Su capacidad para revolucionar el sector inmobiliario y dirigir una empresa de \u00e9xito es encomiable. <\/span><\/li><li style=\"font-weight: 400;\" aria-level=\"1\"><b>Valores<\/b><span style=\"font-weight: 400;\">: La marca de Gary Keller gira en torno al liderazgo, la innovaci\u00f3n y la educaci\u00f3n. Se dedica a predicar con el ejemplo y pone un gran \u00e9nfasis en educar a los dem\u00e1s. <\/span><\/li><li style=\"font-weight: 400;\" aria-level=\"1\"><b>Dise\u00f1o<\/b><span style=\"font-weight: 400;\">: La est\u00e9tica de Gary es profesional, directa y alineada con el sector inmobiliario. Los elementos de dise\u00f1o que elige respaldan su credibilidad profesional y su experiencia. <\/span><\/li><li style=\"font-weight: 400;\" aria-level=\"1\"><b>Declaraci\u00f3n personal branding <\/b><span style=\"font-weight: 400;\">: La declaraci\u00f3n de marca personal de Gary Keller podr\u00eda ser: \u00abCapacitar a los profesionales inmobiliarios con estrategias innovadoras para el \u00e9xito\u00bb. <\/span><\/li><\/ul><p><b>TOMA NOTA<\/b><span style=\"font-weight: 400;\">: Menos es m\u00e1s, as\u00ed que aseg\u00farate de que el dise\u00f1o de tu marca sea profesional y est\u00e9 alineado con tu sector. Una identidad visual coherente puede mejorar significativamente el reconocimiento y la credibilidad de tu marca, tanto en tu sitio web personal como en las distintas plataformas de las redes sociales. <\/span><\/p><h3 id=\"amy-porterfield\"><strong>7. Amy Porterfield: Consejos pr\u00e1cticos y tutoriales paso a paso<\/strong><\/h3><p><span style=\"font-weight: 400;\">Amy Porterfield, experta en marketing online, destaca por dar consejos pr\u00e1cticos y tutoriales paso a paso. La declaraci\u00f3n de su marca personal muestra su inter\u00e9s por ayudar a los emprendedores a convertir sus pasiones en empresas rentables. <\/span><\/p><p><img loading=\"lazy\" decoding=\"async\" class=\"aligncenter size-large wp-image-48346\" src=\"https:\/\/socialbee.com\/wp-content\/uploads\/2023\/11\/image2-1024x499.png\" alt=\"\" width=\"800\" height=\"390\" srcset=\"https:\/\/socialbee.com\/wp-content\/uploads\/2023\/11\/image2-1024x499.png 1024w, https:\/\/socialbee.com\/wp-content\/uploads\/2023\/11\/image2-300x146.png 300w, https:\/\/socialbee.com\/wp-content\/uploads\/2023\/11\/image2-768x374.png 768w, https:\/\/socialbee.com\/wp-content\/uploads\/2023\/11\/image2.png 1318w\" sizes=\"(max-width: 800px) 100vw, 800px\" \/><\/p><p style=\"text-align: center;\"><a href=\"https:\/\/www.amyporterfield.com\/\" target=\"_blank\" rel=\"noopener\"><i><span style=\"font-weight: 400;\">Fuente<\/span><\/i><\/a><\/p><p><span style=\"font-weight: 400;\">Aqu\u00ed tienes el desglose del enfoque de Amy para autobranding:<\/span><\/p><ul><li style=\"font-weight: 400;\" aria-level=\"1\"><b>Su historia<\/b><span style=\"font-weight: 400;\">: La historia de Amy Porterfield es una historia de transici\u00f3n y crecimiento, pasando de un trabajo corporativo a convertirse en una experta en marketing online y creadora de cursos de gran \u00e9xito. Su viaje resuena con el de muchos que buscan dejar el empleo tradicional por el esp\u00edritu empresarial. <\/span><\/li><li style=\"font-weight: 400;\" aria-level=\"1\"><b>Habilidades<\/b><span style=\"font-weight: 400;\">: Las habilidades clave de Amy incluyen el marketing digital, la creaci\u00f3n de cursos y el emprendimiento online. Es excelente simplificando estrategias de marketing complejas y ense\u00f1ando a otros a aplicarlas con eficacia. <\/span><\/li><li style=\"font-weight: 400;\" aria-level=\"1\"><b>Valores<\/b><span style=\"font-weight: 400;\">: La marca de Amy se basa en el empoderamiento, la autenticidad y la accesibilidad. <\/span><\/li><li style=\"font-weight: 400;\" aria-level=\"1\"><b>Dise\u00f1o<\/b><span style=\"font-weight: 400;\">: Su est\u00e9tica de dise\u00f1o es limpia, amigable y profesional, lo que comunica eficazmente su personalidad accesible pero experta.<\/span><\/li><li style=\"font-weight: 400;\" aria-level=\"1\"><b>Declaraci\u00f3n de marca personal<\/b><span style=\"font-weight: 400;\">: La declaraci\u00f3n de marca de Amy Porterfield es \u00ab\u00bfC\u00f3mo puede redefinir tu vida el hecho de ser tu propia jefa?\u00bb, lo que pone de manifiesto su enfoque pr\u00e1ctico y su empoderamiento.<\/span><\/li><\/ul><p><b>TOMA NOTA<\/b><span style=\"font-weight: 400;\">: Comparte tu trayectoria, especialmente si implica superar retos o realizar cambios importantes en tu carrera. Esto puede ser inspirador y relacionarse con tu audiencia. Utiliza la narraci\u00f3n para que tu viaje resulte atractivo y memorable. <\/span><\/p><h3 id=\"mark-manson\"><strong>8. Mark Manson: Enfoque Refrescante de las Relaciones y el Desarrollo Personal<\/strong><\/h3><p><span style=\"font-weight: 400;\">Mark Manson, autor de tres bestsellers del New York Times, da un giro refrescante al g\u00e9nero de la autoayuda. Con m\u00e1s de 20 millones de ejemplares vendidos de sus libros, inspira a sus lectores a cambiar su perspectiva de la vida. <\/span><\/p><p><img loading=\"lazy\" decoding=\"async\" class=\"aligncenter wp-image-48354\" src=\"https:\/\/socialbee.com\/wp-content\/uploads\/2023\/11\/WhatsApp-Image-2023-11-07-at-22.33.40-711x1024.jpeg\" alt=\"\" width=\"613\" height=\"883\" srcset=\"https:\/\/socialbee.com\/wp-content\/uploads\/2023\/11\/WhatsApp-Image-2023-11-07-at-22.33.40-711x1024.jpeg 711w, https:\/\/socialbee.com\/wp-content\/uploads\/2023\/11\/WhatsApp-Image-2023-11-07-at-22.33.40-208x300.jpeg 208w, https:\/\/socialbee.com\/wp-content\/uploads\/2023\/11\/WhatsApp-Image-2023-11-07-at-22.33.40-768x1106.jpeg 768w, https:\/\/socialbee.com\/wp-content\/uploads\/2023\/11\/WhatsApp-Image-2023-11-07-at-22.33.40-1066x1536.jpeg 1066w, https:\/\/socialbee.com\/wp-content\/uploads\/2023\/11\/WhatsApp-Image-2023-11-07-at-22.33.40.jpeg 1080w\" sizes=\"(max-width: 613px) 100vw, 613px\" \/><\/p><p style=\"text-align: center;\"><a href=\"https:\/\/instagram.com\/markmanson?igshid=eHlhcnc4ZHM1bW9m\" target=\"_blank\" rel=\"noopener\"><i><span style=\"font-weight: 400;\">Fuente<\/span><\/i><\/a><\/p><p><span style=\"font-weight: 400;\">Estos son los elementos que hacen que la marca de Mark Manson destaque: <\/span><\/p><ul><li style=\"font-weight: 400;\" aria-level=\"1\"><b>Su historia<\/b><span style=\"font-weight: 400;\">: La historia personal de Mark es la de su transformaci\u00f3n de bloguero a autor de superventas conocido por su enfoque poco convencional de la autoayuda. Su visi\u00f3n sincera y a menudo humor\u00edstica de los retos de la vida ha calado en un amplio p\u00fablico. <\/span><\/li><li style=\"font-weight: 400;\" aria-level=\"1\"><b>Habilidades<\/b><span style=\"font-weight: 400;\">: Las habilidades clave de Mark incluyen la escritura, el pensamiento cr\u00edtico y su capacidad para abordar conceptos complejos de la vida de forma simplificada y cercana.<\/span><\/li><li style=\"font-weight: 400;\" aria-level=\"1\"><b>Valores<\/b><span style=\"font-weight: 400;\">: Los valores fundamentales evidentes en la marca de Mark Manson son la honestidad, la introspecci\u00f3n y el sentido pr\u00e1ctico. No reh\u00faye las verdades dif\u00edciles y anima a sus lectores a la autorreflexi\u00f3n y al pensamiento pragm\u00e1tico. <\/span><\/li><li style=\"font-weight: 400;\" aria-level=\"1\"><b>Dise\u00f1o<\/b><span style=\"font-weight: 400;\">: La est\u00e9tica del dise\u00f1o de Mark es minimalista y directa, lo que refleja su enfoque pr\u00e1ctico de la vida y la superaci\u00f3n personal.<\/span><\/li><li style=\"font-weight: 400;\" aria-level=\"1\"><b>Declaraci\u00f3n de marca personal<\/b><span style=\"font-weight: 400;\">: La declaraci\u00f3n personal de Mark Manson podr\u00eda ser: \u00abAtravesar el ruido para encontrar lo que realmente importa en la vida\u00bb. Esto refleja su inter\u00e9s por una visi\u00f3n honesta y pr\u00e1ctica del desarrollo personal y de las grandes cuestiones de la vida. <\/span><\/li><\/ul><p><b>TOMA NOTA<\/b><span style=\"font-weight: 400;\">: Acepta tu viaje \u00fanico, aunque sea poco convencional. No reh\u00fayas crear una marca que desaf\u00ede el statu quo, ya que eso podr\u00eda resonar en un p\u00fablico amplio, sobre todo en el espacio de la autoayuda y el desarrollo personal. <\/span><\/p><h3 id=\"tim-ferriss\"><strong>9. Tim Ferriss: Enfoque no convencional del \u00e9xito<\/strong><\/h3><p><span style=\"font-weight: 400;\">Tim Ferriss, m\u00e1s conocido por su serie de libros \u00abLas 4 horas\u00bb, ha construido una marca personal en torno a su enfoque at\u00edpico del \u00e9xito, as\u00ed como a su pasi\u00f3n por la excelencia. Esto le convierte en una inspiraci\u00f3n para las personas que se esfuerzan por encontrar la f\u00f3rmula de la grandeza. <\/span><\/p><p><img loading=\"lazy\" decoding=\"async\" class=\"aligncenter size-large wp-image-48348\" src=\"https:\/\/socialbee.com\/wp-content\/uploads\/2023\/11\/image7-1024x514.png\" alt=\"\" width=\"800\" height=\"402\" srcset=\"https:\/\/socialbee.com\/wp-content\/uploads\/2023\/11\/image7-1024x514.png 1024w, https:\/\/socialbee.com\/wp-content\/uploads\/2023\/11\/image7-300x150.png 300w, https:\/\/socialbee.com\/wp-content\/uploads\/2023\/11\/image7-768x385.png 768w, https:\/\/socialbee.com\/wp-content\/uploads\/2023\/11\/image7.png 1202w\" sizes=\"(max-width: 800px) 100vw, 800px\" \/><\/p><p style=\"text-align: center;\"><a href=\"https:\/\/tim.blog\/about\/\" target=\"_blank\" rel=\"noopener\"><i><span style=\"font-weight: 400;\">Fuente<\/span><\/i><\/a><\/p><p><span style=\"font-weight: 400;\">Aqu\u00ed tienes un desglose de los elementos personales de Tim branding:<\/span><\/p><ul><li style=\"font-weight: 400;\" aria-level=\"1\"><b>Su historia<\/b><span style=\"font-weight: 400;\">: La historia de Tim Ferriss es la de la experimentaci\u00f3n y la curiosidad, pasando de empresario a autor de superventas e influyente podcaster. Es conocido por su b\u00fasqueda de la optimizaci\u00f3n de todos los aspectos de la vida, desde el trabajo hasta la salud. <\/span><\/li><li style=\"font-weight: 400;\" aria-level=\"1\"><b>Habilidades<\/b><span style=\"font-weight: 400;\">: Sus principales habilidades son escribir, hablar en p\u00fablico y experimentar con el estilo de vida. Es famoso por destilar ideas complejas en conceptos digeribles y por su amplia capacidad de investigaci\u00f3n y creaci\u00f3n de redes. <\/span><\/li><li style=\"font-weight: 400;\" aria-level=\"1\"><b>Valores<\/b><span style=\"font-weight: 400;\">: Para Tim son fundamentales el aprendizaje continuo, la eficacia y la superaci\u00f3n personal, ya que se esfuerza constantemente por encontrar las formas m\u00e1s eficaces de alcanzar los objetivos.<\/span><\/li><li style=\"font-weight: 400;\" aria-level=\"1\"><b>Dise\u00f1o<\/b><span style=\"font-weight: 400;\">: La est\u00e9tica de Tim es limpia, moderna y funcional, lo que refleja su \u00e9nfasis en la eficacia y la optimizaci\u00f3n. Su branding, incluido su sitio web y las portadas de sus libros, a menudo presenta un enfoque minimalista. <\/span><\/li><li style=\"font-weight: 400;\" aria-level=\"1\"><b>Declaraci\u00f3n personal branding <\/b><span style=\"font-weight: 400;\">: La marca personal de Tim Ferriss consiste en \u00abDeconstruir la excelencia para ayudarte a vivir tu mejor vida\u00bb.<\/span><\/li><\/ul><p><b>TOMA NOTA<\/b><span style=\"font-weight: 400;\">: Desarrolla y muestra un conjunto diverso de habilidades. No temas profundizar en nuevas \u00e1reas y compartir tu proceso de aprendizaje. Tu polifac\u00e9tico conjunto de habilidades puede convertirse en un argumento de venta \u00fanico. <\/span><\/p><h3 id=\"michael-stelzner\"><strong>10. Michael Stelzner: Contenido informativo y atractivo<\/strong><\/h3><p><span style=\"font-weight: 400;\">Michael Stelzner, fundador de un importante blog de medios sociales, autor de renombre y el hombre detr\u00e1s de <\/span><i><span style=\"font-weight: 400;\">Social Media Marketing World<\/span><\/i><span style=\"font-weight: 400;\"><span class=\"BxUVEf ILfuVd\" lang=\"en\"><span class=\"hgKElc\">\u2014<\/span><\/span>la mayor conferencia de su sector<span class=\"BxUVEf ILfuVd\" lang=\"en\"><span class=\"hgKElc\">\u2014<\/span><\/span>utiliza su plataforma para ofrecer asesoramiento experto sobre la gesti\u00f3n de las redes sociales. <\/span><\/p><p><img loading=\"lazy\" decoding=\"async\" class=\"aligncenter wp-image-48360\" src=\"https:\/\/socialbee.com\/wp-content\/uploads\/2023\/11\/WhatsApp-Image-2023-11-07-at-22.53.44-1-725x1024.jpeg\" alt=\"\" width=\"613\" height=\"866\" srcset=\"https:\/\/socialbee.com\/wp-content\/uploads\/2023\/11\/WhatsApp-Image-2023-11-07-at-22.53.44-1-725x1024.jpeg 725w, https:\/\/socialbee.com\/wp-content\/uploads\/2023\/11\/WhatsApp-Image-2023-11-07-at-22.53.44-1-212x300.jpeg 212w, https:\/\/socialbee.com\/wp-content\/uploads\/2023\/11\/WhatsApp-Image-2023-11-07-at-22.53.44-1-768x1084.jpeg 768w, https:\/\/socialbee.com\/wp-content\/uploads\/2023\/11\/WhatsApp-Image-2023-11-07-at-22.53.44-1.jpeg 1080w\" sizes=\"(max-width: 613px) 100vw, 613px\" \/><\/p><p style=\"text-align: center;\"><a href=\"https:\/\/instagram.com\/stelzner?igshid=MTNzM3V3bWVsZWR4\" target=\"_blank\" rel=\"noopener\"><i><span style=\"font-weight: 400;\">Fuente<\/span><\/i><\/a><\/p><p><span style=\"font-weight: 400;\">He aqu\u00ed en qu\u00e9 consiste su marca:<\/span><\/p><ul><li style=\"font-weight: 400;\" aria-level=\"1\"><b>Su historia<\/b><span style=\"font-weight: 400;\">: La trayectoria de Michael Stelzner est\u00e1 marcada por su evoluci\u00f3n de escritor a autoridad l\u00edder en el campo del marketing en redes sociales. Es el fundador de <\/span><i><span style=\"font-weight: 400;\">Social Media Examiner <\/span><\/i><span style=\"font-weight: 400;\">una plataforma que se ha convertido en un recurso de referencia para muchos profesionales del sector.<\/span><\/li><li style=\"font-weight: 400;\" aria-level=\"1\"><b>Habilidades<\/b><span style=\"font-weight: 400;\">: Las habilidades de Michael incluyen la creaci\u00f3n de contenidos, la estrategia de marketing y la creaci\u00f3n de comunidades.<\/span><\/li><li style=\"font-weight: 400;\" aria-level=\"1\"><b>Valores<\/b><span style=\"font-weight: 400;\">: Los valores clave de la marca Michael Stelzner son la educaci\u00f3n, la profesionalidad y la comunidad.<\/span><\/li><li style=\"font-weight: 400;\" aria-level=\"1\"><b>Dise\u00f1o<\/b><span style=\"font-weight: 400;\">: Las opciones de dise\u00f1o de Michael son profesionales, limpias y accesibles, lo que refleja su compromiso de ofrecer contenidos accesibles y de alta calidad.<\/span><\/li><li style=\"font-weight: 400;\" aria-level=\"1\"><b>Declaraci\u00f3n de marca personal<\/b><span style=\"font-weight: 400;\">: La declaraci\u00f3n de marca personal de Michael Stelzner podr\u00eda ser: \u00abCapacitar a los profesionales del marketing mediante una formaci\u00f3n de primera y la creaci\u00f3n de comunidades\u00bb. Esto refleja su compromiso con la educaci\u00f3n y la uni\u00f3n de los profesionales del marketing en redes sociales. <\/span><\/li><\/ul><p><b>TOMA NOTA<\/b><span style=\"font-weight: 400;\">: Documenta y comparte la progresi\u00f3n de tu carrera, especialmente los puntos cr\u00edticos. Una historia de evoluci\u00f3n y crecimiento puede ser muy inspiradora. Utiliza tu trayectoria para ilustrar c\u00f3mo los retos pueden dar lugar a oportunidades. <\/span><\/p><h2 id=\"lecciones-aprendidas-de-estos-ejemplos-de-marca-personal\"><strong>Lecciones aprendidas de estos ejemplos de marca personal<\/strong><\/h2><p><span style=\"font-weight: 400;\">En el viaje de establecer una marca personal de \u00e9xito, hay lecciones fundamentales que podemos aprender de quienes han recorrido este camino con maestr\u00eda. <\/span><\/p><p><span style=\"font-weight: 400;\">Aqu\u00ed tienes algunos consejos \u00fatiles sobre branding:<\/span><\/p><ul><li style=\"font-weight: 400;\" aria-level=\"1\"><span style=\"font-weight: 400;\">S\u00e9 aut\u00e9ntico<\/span><\/li><li style=\"font-weight: 400;\" aria-level=\"1\"><span style=\"font-weight: 400;\">Mantener la coherencia<\/span><\/li><li style=\"font-weight: 400;\" aria-level=\"1\"><span style=\"font-weight: 400;\">Aportar valor<\/span><\/li><li style=\"font-weight: 400;\" aria-level=\"1\"><span style=\"font-weight: 400;\">Hazlo atractivo<\/span><\/li><li style=\"font-weight: 400;\" aria-level=\"1\"><span style=\"font-weight: 400;\">Construye relaciones<\/span><\/li><\/ul><h3><b>A. S\u00e9 aut\u00e9ntico<\/b><\/h3><p><span style=\"font-weight: 400;\">La autenticidad es la piedra angular de cualquier marca personal s\u00f3lida. No reh\u00fayas tus experiencias \u00fanicas. Tu viaje, incluidas las luchas y los triunfos, te hace identificable. <\/span><\/p><p><span style=\"font-weight: 400;\">Adem\u00e1s, aseg\u00farate de que <a href=\"https:\/\/socialbee.com\/blog\/social-media-branding\/\" target=\"_blank\" rel=\"noopener\">tu marca<\/a> es un reflejo exacto de qui\u00e9n eres. No intentes imitar el estilo o el enfoque de otra persona, sobre todo porque la gente puede saber si alguien es aut\u00e9ntico o no. <\/span><\/p><h3><b>B. Mantener la coherencia<\/b><\/h3><p><span style=\"font-weight: 400;\">En t\u00e9rminos de coherencia, debes establecer un calendario regular de publicaciones en tus plataformas de redes sociales preferidas. <\/span><\/p><p><span style=\"font-weight: 400;\">Una herramienta de gesti\u00f3n de redes sociales todo en uno como<\/span> <a href=\"https:\/\/app.socialbee.com\/signup\/\" target=\"_blank\" rel=\"noopener\"><span style=\"font-weight: 400;\">SocialBee<\/span><\/a><span style=\"font-weight: 400;\"> apoya tus esfuerzos personales en branding permiti\u00e9ndote elaborar, planificar y publicar eficazmente tus publicaciones en las redes sociales desde un solo lugar. <\/span><\/p><p><a href=\"https:\/\/app.socialbee.com\/signup\/\" target=\"_blank\" rel=\"noopener\"><img loading=\"lazy\" decoding=\"async\" class=\"aligncenter size-large wp-image-53882\" src=\"https:\/\/socialbee.com\/wp-content\/uploads\/2024\/12\/SocialBee-blog-SocialBee-scheduler-1024x588.webp\" alt=\"Programador SocialBee\" width=\"800\" height=\"459\" srcset=\"https:\/\/socialbee.com\/wp-content\/uploads\/2024\/12\/SocialBee-blog-SocialBee-scheduler-1024x588.webp 1024w, https:\/\/socialbee.com\/wp-content\/uploads\/2024\/12\/SocialBee-blog-SocialBee-scheduler-300x172.webp 300w, https:\/\/socialbee.com\/wp-content\/uploads\/2024\/12\/SocialBee-blog-SocialBee-scheduler-768x441.webp 768w, https:\/\/socialbee.com\/wp-content\/uploads\/2024\/12\/SocialBee-blog-SocialBee-scheduler-1536x883.webp 1536w, https:\/\/socialbee.com\/wp-content\/uploads\/2024\/12\/SocialBee-blog-SocialBee-scheduler.webp 1850w\" sizes=\"(max-width: 800px) 100vw, 800px\" \/><\/a><\/p><p style=\"text-align: center;\"><i><span style=\"font-weight: 400;\">Construye tu marca personal en las principales plataformas de redes sociales con SocialBee.<\/span><\/i><\/p><p style=\"text-align: center;\"><a href=\"https:\/\/app.socialbee.com\/signup\/\" target=\"_blank\" rel=\"noopener\"><i><span style=\"font-weight: 400;\">\u00a1Empieza hoy mismo tu prueba gratuita de 14 d\u00edas de SocialBee!<\/span><\/i><\/a><\/p><p><span style=\"font-weight: 400;\">Adem\u00e1s, la coherencia en tus mensajes, en el aspecto visual branding y en la transmisi\u00f3n de contenidos es clave para ser memorable y generar confianza. Desarrolla una gu\u00eda de estilo para tus elementos visuales y tu tono de voz, a fin de garantizar la uniformidad en todas las plataformas. <\/span><\/p><h3><b>C. Aportar valor<\/b><\/h3><p><span style=\"font-weight: 400;\">El contenido de valor es lo que atrae y retiene a tu audiencia. Identifica los retos a los que se enfrenta tu audiencia y ofrece soluciones a trav\u00e9s de tus contenidos, pero no te reprimas a la hora de compartir tus conocimientos. Cuanto m\u00e1s valor aportes, m\u00e1s se te percibir\u00e1 como una autoridad en tu campo. <\/span><\/p><h3><b>D. Mantenlo atractivo<\/b><\/h3><p><span style=\"font-weight: 400;\">Tu capacidad para <a href=\"https:\/\/socialbee.com\/blog\/engagement-on-social-media\/\" target=\"_blank\" rel=\"noopener\">atraer a tu p\u00fablico<\/a> determina el impacto de tu marca, as\u00ed que debes pensar en ella como si fuera moneda de cambio. <\/span><\/p><p><span style=\"font-weight: 400;\">Una forma de atraer a tu audiencia es mediante contenidos interactivos: utiliza encuestas, cuestionarios o preguntas que susciten conversaciones. Otra forma de conseguirlo es incorporando la narraci\u00f3n a tu contenido para cautivar y conectar con tu audiencia. <\/span><\/p><h3><b>E. Construir relaciones<\/b><\/h3><p><span style=\"font-weight: 400;\">Construir y alimentar relaciones es esencial para que crees una comunidad, no s\u00f3lo seguidores. Por eso debes responder a los comentarios, mensajes y correos electr\u00f3nicos. <\/span><\/p><p><span style=\"font-weight: 400;\">Con su funci\u00f3n de bandeja de entrada social, <\/span><a href=\"https:\/\/app.socialbee.com\/signup\/\"><span style=\"font-weight: 400;\">SocialBee<\/span><\/a><span style=\"font-weight: 400;\"> ofrece un enfoque centralizado para gestionar las interacciones con tu audiencia.<\/span><\/p><p><a href=\"https:\/\/app.socialbee.com\/signup\/\" target=\"_blank\" rel=\"noopener\"><img loading=\"lazy\" decoding=\"async\" class=\"aligncenter size-large wp-image-50722\" src=\"https:\/\/socialbee.com\/wp-content\/uploads\/2024\/05\/SocialBee-blog-engage-module-1024x668.webp\" alt=\"Bandeja de entrada social de SocialBee\" width=\"800\" height=\"522\" srcset=\"https:\/\/socialbee.com\/wp-content\/uploads\/2024\/05\/SocialBee-blog-engage-module-1024x668.webp 1024w, https:\/\/socialbee.com\/wp-content\/uploads\/2024\/05\/SocialBee-blog-engage-module-300x196.webp 300w, https:\/\/socialbee.com\/wp-content\/uploads\/2024\/05\/SocialBee-blog-engage-module-768x501.webp 768w, https:\/\/socialbee.com\/wp-content\/uploads\/2024\/05\/SocialBee-blog-engage-module-1536x1002.webp 1536w, https:\/\/socialbee.com\/wp-content\/uploads\/2024\/05\/SocialBee-blog-engage-module.webp 1599w\" sizes=\"(max-width: 800px) 100vw, 800px\" \/><\/a><\/p><p style=\"text-align: center;\"><i><span style=\"font-weight: 400;\">Gestiona tus bandejas de entrada de las redes sociales en un solo lugar con SocialBee.<\/span><\/i><\/p><p style=\"text-align: center;\"><a href=\"https:\/\/app.socialbee.com\/signup\/\" target=\"_blank\" rel=\"noopener\"><i><span style=\"font-weight: 400;\">\u00a1Empieza hoy mismo tu prueba gratuita de 14 d\u00edas de SocialBee!<\/span><\/i><\/a><\/p><p><span style=\"font-weight: 400;\">Adem\u00e1s, considera la posibilidad de colaborar con otros profesionales de tu sector. Esto no s\u00f3lo ampl\u00eda tu alcance, sino que tambi\u00e9n refuerza tu red. <\/span><\/p><h2 id=\"preguntas-frecuentes\"><strong>Preguntas Frecuentes<\/strong><\/h2>\t\t\t\t\t\t\t\t<\/div>\n\t\t\t\t<\/div>\n\t\t\t\t<div class=\"elementor-element elementor-element-602ec61d elementor-widget elementor-widget-pp-faq\" data-id=\"602ec61d\" data-element_type=\"widget\" data-e-type=\"widget\" data-settings=\"{&quot;faq_layout&quot;:&quot;accordion&quot;,&quot;accordion_type&quot;:&quot;accordion&quot;,&quot;toggle_speed&quot;:300}\" data-widget_type=\"pp-faq.default\">\n\t\t\t\t<div class=\"elementor-widget-container\">\n\t\t\t\t\t\t\t<div class=\"pp-faqs pp-advanced-accordion pp-toggle-icon-align-right\" id=\"pp-advanced-accordion-602ec61d\" data-accordion-id=\"602ec61d\">\n\t\t\t\t\t\t<div class=\"pp-faq-item elementor-grid-item pp-accordion-item\">\n\t\t\t\t<div id=\"pp-accordion-tab-title-1611\" class=\"pp-faq-question pp-accordion-tab-title\" tabindex=\"0\" data-tab=\"1\">\n\t\t\t\t\t<div class=\"pp-accordion-title-icon\">\n\t\t\t\t\t\t\t\t\t\t\t\t\t\t\t\t\t\t<div class=\"pp-accordion-title-text\">\n\t\t\t\t\t\t\t\u00bfCu\u00e1les son las 5 personalidades de marca?\t\t\t\t\t\t<\/div>\n\t\t\t\t\t<\/div>\n\t\t\t\t\t\t\t\t\t\t\t<div class=\"pp-accordion-toggle-icon\">\n\t\t\t\t\t\t\t\t\t\t\t\t\t\t\t<span class='pp-accordion-toggle-icon-close pp-icon'>\n\t\t\t\t\t\t\t\t\t<svg aria-hidden=\"true\" class=\"e-font-icon-svg e-fas-plus\" viewBox=\"0 0 448 512\" xmlns=\"http:\/\/www.w3.org\/2000\/svg\"><path d=\"M416 208H272V64c0-17.67-14.33-32-32-32h-32c-17.67 0-32 14.33-32 32v144H32c-17.67 0-32 14.33-32 32v32c0 17.67 14.33 32 32 32h144v144c0 17.67 14.33 32 32 32h32c17.67 0 32-14.33 32-32V304h144c17.67 0 32-14.33 32-32v-32c0-17.67-14.33-32-32-32z\"><\/path><\/svg>\t\t\t\t\t\t\t\t<\/span>\n\t\t\t\t\t\t\t\t\t\t\t\t\t\t\t\t\t\t\t\t\t\t<span class='pp-accordion-toggle-icon-open pp-icon'>\n\t\t\t\t\t\t\t\t\t<svg aria-hidden=\"true\" class=\"e-font-icon-svg e-fas-minus\" viewBox=\"0 0 448 512\" xmlns=\"http:\/\/www.w3.org\/2000\/svg\"><path d=\"M416 208H32c-17.67 0-32 14.33-32 32v32c0 17.67 14.33 32 32 32h384c17.67 0 32-14.33 32-32v-32c0-17.67-14.33-32-32-32z\"><\/path><\/svg>\t\t\t\t\t\t\t\t<\/span>\n\t\t\t\t\t\t\t\t\t\t\t\t\t<\/div>\n\t\t\t\t\t\t\t\t\t<\/div>\n\n\t\t\t\t<div id=\"pp-accordion-tab-content-1611\" class=\"pp-faq-answer pp-accordion-tab-content\" data-tab=\"1\">\n\t\t\t\t\t<p><span style=\"font-weight: 400;\">El concepto de personalidad de marca se describe a menudo utilizando el marco de las \u00abCinco Dimensiones de la Personalidad de Marca\u00bb, desarrollado por Jennifer Aaker, profesora de marketing de la Universidad de Stanford. Estas dimensiones ayudan a categorizar el car\u00e1cter de una marca y alinearlo con los rasgos de la personalidad humana. <\/span><\/p>\n<p><span style=\"font-weight: 400;\">Las cinco personalidades de la marca son:<\/span><\/p>\n<ul>\n<li style=\"font-weight: 400;\" aria-level=\"1\"><b>Sinceridad<\/b><span style=\"font-weight: 400;\">: Las marcas personales sinceras suelen considerarse honestas, genuinas y sanas. <\/span><\/li>\n<li style=\"font-weight: 400;\" aria-level=\"1\"><b>Emoci\u00f3n<\/b><span style=\"font-weight: 400;\">: Las marcas excitantes se caracterizan por su car\u00e1cter en\u00e9rgico, juvenil y aventurero. <\/span><\/li>\n<li style=\"font-weight: 400;\" aria-level=\"1\"><b>Competencia<\/b><span style=\"font-weight: 400;\">: Las marcas que demuestran competencia son fiables, responsables y eficientes.<\/span><\/li>\n<li style=\"font-weight: 400;\" aria-level=\"1\"><b>Sofisticaci\u00f3n<\/b><span style=\"font-weight: 400;\">: Las marcas sofisticadas desprenden elegancia, prestigio o incluso una sensaci\u00f3n de exclusividad.<\/span><\/li>\n<li style=\"font-weight: 400;\" aria-level=\"1\"><b>Robustez<\/b><span style=\"font-weight: 400;\">: Las marcas resistentes se perciben como duras, fuertes y al aire libre. A menudo atraen a los consumidores por su sensaci\u00f3n de durabilidad y resistencia. <\/span><\/li>\n<\/ul>\n\t\t\t\t<\/div>\n\t\t\t<\/div>\n\t\t\t\t\t\t<div class=\"pp-faq-item elementor-grid-item pp-accordion-item\">\n\t\t\t\t<div id=\"pp-accordion-tab-title-1612\" class=\"pp-faq-question pp-accordion-tab-title\" tabindex=\"0\" data-tab=\"2\">\n\t\t\t\t\t<div class=\"pp-accordion-title-icon\">\n\t\t\t\t\t\t\t\t\t\t\t\t\t\t\t\t\t\t<div class=\"pp-accordion-title-text\">\n\t\t\t\t\t\t\t\u00bfCu\u00e1les son algunos errores comunes que hay que evitar al crear una marca personal?  \t\t\t\t\t\t<\/div>\n\t\t\t\t\t<\/div>\n\t\t\t\t\t\t\t\t\t\t\t<div class=\"pp-accordion-toggle-icon\">\n\t\t\t\t\t\t\t\t\t\t\t\t\t\t\t<span class='pp-accordion-toggle-icon-close pp-icon'>\n\t\t\t\t\t\t\t\t\t<svg aria-hidden=\"true\" class=\"e-font-icon-svg e-fas-plus\" viewBox=\"0 0 448 512\" xmlns=\"http:\/\/www.w3.org\/2000\/svg\"><path d=\"M416 208H272V64c0-17.67-14.33-32-32-32h-32c-17.67 0-32 14.33-32 32v144H32c-17.67 0-32 14.33-32 32v32c0 17.67 14.33 32 32 32h144v144c0 17.67 14.33 32 32 32h32c17.67 0 32-14.33 32-32V304h144c17.67 0 32-14.33 32-32v-32c0-17.67-14.33-32-32-32z\"><\/path><\/svg>\t\t\t\t\t\t\t\t<\/span>\n\t\t\t\t\t\t\t\t\t\t\t\t\t\t\t\t\t\t\t\t\t\t<span class='pp-accordion-toggle-icon-open pp-icon'>\n\t\t\t\t\t\t\t\t\t<svg aria-hidden=\"true\" class=\"e-font-icon-svg e-fas-minus\" viewBox=\"0 0 448 512\" xmlns=\"http:\/\/www.w3.org\/2000\/svg\"><path d=\"M416 208H32c-17.67 0-32 14.33-32 32v32c0 17.67 14.33 32 32 32h384c17.67 0 32-14.33 32-32v-32c0-17.67-14.33-32-32-32z\"><\/path><\/svg>\t\t\t\t\t\t\t\t<\/span>\n\t\t\t\t\t\t\t\t\t\t\t\t\t<\/div>\n\t\t\t\t\t\t\t\t\t<\/div>\n\n\t\t\t\t<div id=\"pp-accordion-tab-content-1612\" class=\"pp-faq-answer pp-accordion-tab-content\" data-tab=\"2\">\n\t\t\t\t\t<p><span style=\"font-weight: 400;\">Aqu\u00ed tienes algunos errores que debes evitar al crear una marca personal:<\/span><\/p>\n<ul>\n<li style=\"font-weight: 400;\" aria-level=\"1\"><span style=\"font-weight: 400;\">Falta de claridad en las declaraciones personales branding <\/span><\/li>\n<li style=\"font-weight: 400;\" aria-level=\"1\"><span style=\"font-weight: 400;\">Incoherencia entre plataformas<\/span><\/li>\n<li style=\"font-weight: 400;\" aria-level=\"1\"><span style=\"font-weight: 400;\">Ignorar a tu p\u00fablico objetivo<\/span><\/li>\n<li style=\"font-weight: 400;\" aria-level=\"1\"><span style=\"font-weight: 400;\">Exceso de promoci\u00f3n y falta de autenticidad<\/span><\/li>\n<li style=\"font-weight: 400;\" aria-level=\"1\"><span style=\"font-weight: 400;\">Descuidar el compromiso y la creaci\u00f3n de relaciones<\/span><\/li>\n<li style=\"font-weight: 400;\" aria-level=\"1\"><span style=\"font-weight: 400;\">No evolucionar y adaptarse<\/span><\/li>\n<li style=\"font-weight: 400;\" aria-level=\"1\"><span style=\"font-weight: 400;\">Hacer caso omiso de las opiniones<\/span><\/li>\n<\/ul>\n<p><span style=\"font-weight: 400;\">Si tienes en cuenta estas directrices y perfeccionas continuamente las declaraciones de tu marca personal y tu enfoque general, podr\u00e1s crear una narrativa convincente, aut\u00e9ntica y que resuene con el p\u00fablico que deseas.<\/span><\/p>\n\t\t\t\t<\/div>\n\t\t\t<\/div>\n\t\t\t\t\t\t<div class=\"pp-faq-item elementor-grid-item pp-accordion-item\">\n\t\t\t\t<div id=\"pp-accordion-tab-title-1613\" class=\"pp-faq-question pp-accordion-tab-title\" tabindex=\"0\" data-tab=\"3\">\n\t\t\t\t\t<div class=\"pp-accordion-title-icon\">\n\t\t\t\t\t\t\t\t\t\t\t\t\t\t\t\t\t\t<div class=\"pp-accordion-title-text\">\n\t\t\t\t\t\t\t\u00bfCu\u00e1les son algunos ejemplos de declaraci\u00f3n de marca personal?\t\t\t\t\t\t<\/div>\n\t\t\t\t\t<\/div>\n\t\t\t\t\t\t\t\t\t\t\t<div class=\"pp-accordion-toggle-icon\">\n\t\t\t\t\t\t\t\t\t\t\t\t\t\t\t<span class='pp-accordion-toggle-icon-close pp-icon'>\n\t\t\t\t\t\t\t\t\t<svg aria-hidden=\"true\" class=\"e-font-icon-svg e-fas-plus\" viewBox=\"0 0 448 512\" xmlns=\"http:\/\/www.w3.org\/2000\/svg\"><path d=\"M416 208H272V64c0-17.67-14.33-32-32-32h-32c-17.67 0-32 14.33-32 32v144H32c-17.67 0-32 14.33-32 32v32c0 17.67 14.33 32 32 32h144v144c0 17.67 14.33 32 32 32h32c17.67 0 32-14.33 32-32V304h144c17.67 0 32-14.33 32-32v-32c0-17.67-14.33-32-32-32z\"><\/path><\/svg>\t\t\t\t\t\t\t\t<\/span>\n\t\t\t\t\t\t\t\t\t\t\t\t\t\t\t\t\t\t\t\t\t\t<span class='pp-accordion-toggle-icon-open pp-icon'>\n\t\t\t\t\t\t\t\t\t<svg aria-hidden=\"true\" class=\"e-font-icon-svg e-fas-minus\" viewBox=\"0 0 448 512\" xmlns=\"http:\/\/www.w3.org\/2000\/svg\"><path d=\"M416 208H32c-17.67 0-32 14.33-32 32v32c0 17.67 14.33 32 32 32h384c17.67 0 32-14.33 32-32v-32c0-17.67-14.33-32-32-32z\"><\/path><\/svg>\t\t\t\t\t\t\t\t<\/span>\n\t\t\t\t\t\t\t\t\t\t\t\t\t<\/div>\n\t\t\t\t\t\t\t\t\t<\/div>\n\n\t\t\t\t<div id=\"pp-accordion-tab-content-1613\" class=\"pp-faq-answer pp-accordion-tab-content\" data-tab=\"3\">\n\t\t\t\t\t<p><span style=\"font-weight: 400;\">Antes de escribir tu propia declaraci\u00f3n de marca personal, es mejor que compruebes c\u00f3mo lo hicieron otros empresarios y l\u00edderes de opini\u00f3n de \u00e9xito.<\/span><\/p>\n<p><span style=\"font-weight: 400;\">Aqu\u00ed tienes algunos ejemplos famosos de declaraciones personales branding:<\/span><\/p>\n<ul>\n<li style=\"font-weight: 400;\" aria-level=\"1\"><span style=\"font-weight: 400;\">Larry Kim \u00abS\u00e9 un unicornio en un mar de burros\u00bb.<\/span><\/li>\n<li style=\"font-weight: 400;\" aria-level=\"1\"><span style=\"font-weight: 400;\">Ann Handley: \u00abPotenciar un marketing rid\u00edculamente bueno\u00bb.<\/span><\/li>\n<li style=\"font-weight: 400;\" aria-level=\"1\"><span style=\"font-weight: 400;\">Dickie Bush \u00abAyudo a escritores principiantes a empezar a escribir en Internet\u00bb.<\/span><\/li>\n<li style=\"font-weight: 400;\" aria-level=\"1\"><span style=\"font-weight: 400;\">Nicolas Cole: \u00abTe ense\u00f1ar\u00e9 a escribir en el mundo digital\u00bb.<\/span><\/li>\n<li style=\"font-weight: 400;\" aria-level=\"1\"><span style=\"font-weight: 400;\">Justin Welsh: \u00abConstruir una cartera diversificada de ingresos por Internet\u00bb.<\/span><\/li>\n<li style=\"font-weight: 400;\" aria-level=\"1\"><span style=\"font-weight: 400;\">Shama Hyder: \u00abAyudar a la gente a encontrar su zen en la era digital\u00bb.<\/span><\/li>\n<li style=\"font-weight: 400;\" aria-level=\"1\"><span style=\"font-weight: 400;\">Jennifer Welsh: \u00abCapacitar a mujeres de \u00e9xito para que tomen el control de sus finanzas\u00bb.<\/span><\/li>\n<\/ul>\n\t\t\t\t<\/div>\n\t\t\t<\/div>\n\t\t\t\t\t<\/div>\n\t\t\t\t\t\t<\/div>\n\t\t\t\t<\/div>\n\t\t\t\t<div class=\"elementor-element elementor-element-2b6932fb elementor-widget elementor-widget-text-editor\" data-id=\"2b6932fb\" data-element_type=\"widget\" data-e-type=\"widget\" data-widget_type=\"text-editor.default\">\n\t\t\t\t<div class=\"elementor-widget-container\">\n\t\t\t\t\t\t\t\t\t<h2 id=\"construye-tu-marca-personal-con-social-bee\"><strong>\u00a1Construye tu marca personal con Social Bee!<\/strong><\/h2><p><span style=\"font-weight: 400;\">En este art\u00edculo, exploramos 10 ejemplos inspiradores de marca personal y las lecciones que nos ense\u00f1an sobre autenticidad, coherencia, valor, compromiso y construcci\u00f3n de relaciones. <\/span><\/p><p><span style=\"font-weight: 400;\">Incorporar estas lecciones a tu estrategia te permite crear una marca personal que refleje qui\u00e9n eres, resuene con tu p\u00fablico objetivo y te ayude a hacer crecer tu negocio.<\/span><\/p><p><span style=\"font-weight: 400;\">Social Bee ofrece herramientas y recursos para ayudarte a construir y gestionar tu presencia en las redes sociales, garantizando que tu marca brille en todas las plataformas. <\/span><a href=\"https:\/\/app.socialbee.com\/signup\/\" target=\"_blank\" rel=\"noopener\"><span style=\"font-weight: 400;\">\u00a1Empieza tu prueba gratuita de 14 d\u00edas!<\/span><\/a><\/p>\t\t\t\t\t\t\t\t<\/div>\n\t\t\t\t<\/div>\n\t\t<div class=\"elementor-element elementor-element-533e02a e-flex e-con-boxed e-con e-child\" data-id=\"533e02a\" data-element_type=\"container\" data-e-type=\"container\" data-settings=\"{&quot;background_background&quot;:&quot;classic&quot;}\">\n\t\t\t\t\t<div class=\"e-con-inner\">\n\t\t<div class=\"elementor-element elementor-element-8c0fc3b e-con-full e-flex e-con e-child\" data-id=\"8c0fc3b\" data-element_type=\"container\" data-e-type=\"container\" data-settings=\"{&quot;background_background&quot;:&quot;gradient&quot;}\">\n\t\t\t\t<div class=\"elementor-element elementor-element-d6fcae0 elementor-widget elementor-widget-global elementor-global-48315 elementor-widget-image\" data-id=\"d6fcae0\" data-element_type=\"widget\" data-e-type=\"widget\" data-widget_type=\"image.default\">\n\t\t\t\t<div class=\"elementor-widget-container\">\n\t\t\t\t\t\t\t\t\t\t\t\t\t\t\t<img loading=\"lazy\" decoding=\"async\" width=\"666\" height=\"576\" src=\"https:\/\/socialbee.com\/wp-content\/uploads\/2022\/09\/SocialBee-blog-CTA-box-visual-with-the-supported-platforms.png\" class=\"attachment-medium_large size-medium_large wp-image-61881\" alt=\"Visualizaci\u00f3n de la caja CTA del blog de SocialBee con las plataformas compatibles\" srcset=\"https:\/\/socialbee.com\/wp-content\/uploads\/2022\/09\/SocialBee-blog-CTA-box-visual-with-the-supported-platforms.png 666w, https:\/\/socialbee.com\/wp-content\/uploads\/2022\/09\/SocialBee-blog-CTA-box-visual-with-the-supported-platforms-300x259.png 300w\" sizes=\"(max-width: 666px) 100vw, 666px\" \/>\t\t\t\t\t\t\t\t\t\t\t\t\t\t\t<\/div>\n\t\t\t\t<\/div>\n\t\t\t\t<\/div>\n\t\t<div class=\"elementor-element elementor-element-41d23a3 e-flex e-con-boxed e-con e-child\" data-id=\"41d23a3\" data-element_type=\"container\" data-e-type=\"container\">\n\t\t\t\t\t<div class=\"e-con-inner\">\n\t\t\t\t<div class=\"elementor-element elementor-element-bb1dd45 elementor-widget__width-initial elementor-widget elementor-widget-heading\" data-id=\"bb1dd45\" data-element_type=\"widget\" data-e-type=\"widget\" data-widget_type=\"heading.default\">\n\t\t\t\t<div class=\"elementor-widget-container\">\n\t\t\t\t\t<div class=\"elementor-heading-title elementor-size-default\">\u00a1Gestiona tu estrategia de marca con SocialBee!<\/div>\t\t\t\t<\/div>\n\t\t\t\t<\/div>\n\t\t\t\t<div class=\"elementor-element elementor-element-5c10114 elementor-widget__width-initial elementor-widget elementor-widget-text-editor\" data-id=\"5c10114\" data-element_type=\"widget\" data-e-type=\"widget\" data-widget_type=\"text-editor.default\">\n\t\t\t\t<div class=\"elementor-widget-container\">\n\t\t\t\t\t\t\t\t\tCrea posts, publ\u00edcalos, anal\u00edzalos, interact\u00faa y colabora, todo desde SocialBee.  \t\t\t\t\t\t\t\t<\/div>\n\t\t\t\t<\/div>\n\t\t\t\t<div class=\"elementor-element elementor-element-f3299c2 elementor-align-left elementor-tablet-align-center elementor-mobile-align-center elementor-widget elementor-widget-button\" data-id=\"f3299c2\" data-element_type=\"widget\" data-e-type=\"widget\" data-widget_type=\"button.default\">\n\t\t\t\t<div class=\"elementor-widget-container\">\n\t\t\t\t\t\t\t\t\t<div class=\"elementor-button-wrapper\">\n\t\t\t\t\t<a class=\"elementor-button elementor-button-link elementor-size-md\" href=\"https:\/\/app.socialbee.com\/signup\/\" target=\"_blank\">\n\t\t\t\t\t\t<span class=\"elementor-button-content-wrapper\">\n\t\t\t\t\t\t<span class=\"elementor-button-icon\">\n\t\t\t\t<svg aria-hidden=\"true\" class=\"e-font-icon-svg e-fas-arrow-right\" viewBox=\"0 0 448 512\" xmlns=\"http:\/\/www.w3.org\/2000\/svg\"><path d=\"M190.5 66.9l22.2-22.2c9.4-9.4 24.6-9.4 33.9 0L441 239c9.4 9.4 9.4 24.6 0 33.9L246.6 467.3c-9.4 9.4-24.6 9.4-33.9 0l-22.2-22.2c-9.5-9.5-9.3-25 .4-34.3L311.4 296H24c-13.3 0-24-10.7-24-24v-32c0-13.3 10.7-24 24-24h287.4L190.9 101.2c-9.8-9.3-10-24.8-.4-34.3z\"><\/path><\/svg>\t\t\t<\/span>\n\t\t\t\t\t\t\t\t\t<span class=\"elementor-button-text\">Empieza gratis<\/span>\n\t\t\t\t\t<\/span>\n\t\t\t\t\t<\/a>\n\t\t\t\t<\/div>\n\t\t\t\t\t\t\t\t<\/div>\n\t\t\t\t<\/div>\n\t\t\t\t\t<\/div>\n\t\t\t\t<\/div>\n\t\t\t\t\t<\/div>\n\t\t\t\t<\/div>\n\t\t\t\t\t<\/div>\n\t\t\t\t<\/div>\n\t\t\t\t<\/div>\n\t\t","protected":false},"excerpt":{"rendered":"<p>En la era del marketing digital y redes sociales crear una marca personal fuerte se ha convertido en algo vital para los profesionales de muchos sectores diferentes. Desde l\u00edderes de opini\u00f3n a empresarios de \u00e9xito, una marca personal potente puede diferenciarte de la competencia y conectarte con tu p\u00fablico objetivo. Si est\u00e1s deseando iniciar tu [&hellip;]<\/p>\n","protected":false},"author":20,"featured_media":60605,"comment_status":"closed","ping_status":"open","sticky":false,"template":"","format":"standard","meta":{"footnotes":""},"categories":[170,328,302,300],"tags":[],"class_list":["post-64437","post","type-post","status-publish","format-standard","has-post-thumbnail","hentry","category-branding","category-es-articles","category-marca","category-redes-sociales"],"yoast_head":"<!-- This site is optimized with the Yoast SEO plugin v27.4 - https:\/\/yoast.com\/product\/yoast-seo-wordpress\/ -->\n<title>10 Ejemplos Inspiradores de Marca Personal en las Redes Sociales de los que Aprender - SocialBee<\/title>\n<meta name=\"description\" content=\"Descubre 10 ejemplos inspiradores de marca personal en las redes sociales. Aprende poderosas estrategias para construir y mejorar la presencia de tu marca en Internet.\" \/>\n<meta name=\"robots\" content=\"index, follow, max-snippet:-1, max-image-preview:large, max-video-preview:-1\" \/>\n<link rel=\"canonical\" href=\"https:\/\/socialbee.com\/es\/blog\/marca-personal-ejemplos\/\" \/>\n<meta property=\"og:locale\" content=\"es_ES\" \/>\n<meta property=\"og:type\" content=\"article\" \/>\n<meta property=\"og:title\" content=\"10 Ejemplos Inspiradores de Marca Personal en las Redes Sociales de los que Aprender\" \/>\n<meta property=\"og:description\" content=\"Descubre 10 ejemplos inspiradores de marca personal en las redes sociales. Aprende poderosas estrategias para construir y mejorar la presencia de tu marca en Internet.\" \/>\n<meta property=\"og:url\" content=\"https:\/\/socialbee.com\/es\/blog\/marca-personal-ejemplos\/\" \/>\n<meta property=\"og:site_name\" content=\"SocialBee\" \/>\n<meta property=\"article:publisher\" content=\"https:\/\/www.facebook.com\/socialbee.com\/\" \/>\n<meta property=\"article:published_time\" content=\"2023-11-07T17:45:24+00:00\" \/>\n<meta property=\"article:modified_time\" content=\"2025-07-22T07:26:25+00:00\" \/>\n<meta property=\"og:image\" content=\"https:\/\/socialbee.com\/wp-content\/uploads\/2023\/11\/10_Inspiring_Personal_Brand_Examples_on_Social_Media_to_Learn_From-1024x538.png\" \/>\n<meta name=\"author\" content=\"Written by Alexandra, Content Manager at SocialBee\" \/>\n<meta name=\"twitter:card\" content=\"summary_large_image\" \/>\n<meta name=\"twitter:title\" content=\"10 Ejemplos Inspiradores de Marca Personal en las Redes Sociales de los que Aprender\" \/>\n<meta name=\"twitter:description\" content=\"Descubre 10 ejemplos inspiradores de marca personal en las redes sociales. Aprende poderosas estrategias para construir y mejorar la presencia de tu marca en Internet.\" \/>\n<meta name=\"twitter:image\" content=\"https:\/\/socialbee.com\/wp-content\/uploads\/2023\/11\/10_Inspiring_Personal_Brand_Examples_on_Social_Media_to_Learn_From-1024x538.png\" \/>\n<meta name=\"twitter:creator\" content=\"@SocialBeeHQ\" \/>\n<meta name=\"twitter:site\" content=\"@SocialBeeHQ\" \/>\n<meta name=\"twitter:label1\" content=\"Written by\" \/>\n\t<meta name=\"twitter:data1\" content=\"Written by Alexandra, Content Manager at SocialBee\" \/>\n\t<meta name=\"twitter:label2\" content=\"Est. reading time\" \/>\n\t<meta name=\"twitter:data2\" content=\"24 minutos\" \/>\n<script type=\"application\/ld+json\" class=\"yoast-schema-graph\">{\"@context\":\"https:\\\/\\\/schema.org\",\"@graph\":[{\"@type\":\"Article\",\"@id\":\"https:\\\/\\\/socialbee.com\\\/es\\\/blog\\\/marca-personal-ejemplos\\\/#article\",\"isPartOf\":{\"@id\":\"https:\\\/\\\/socialbee.com\\\/es\\\/blog\\\/marca-personal-ejemplos\\\/\"},\"author\":{\"name\":\"Written by Alexandra, Content Manager at SocialBee\",\"@id\":\"https:\\\/\\\/socialbee.com\\\/es\\\/#\\\/schema\\\/person\\\/507599a162bfaa45e32c1018a18a87e1\"},\"headline\":\"10 Ejemplos Inspiradores de Marca Personal en las Redes Sociales de los que Aprender\",\"datePublished\":\"2023-11-07T17:45:24+00:00\",\"dateModified\":\"2025-07-22T07:26:25+00:00\",\"mainEntityOfPage\":{\"@id\":\"https:\\\/\\\/socialbee.com\\\/es\\\/blog\\\/marca-personal-ejemplos\\\/\"},\"wordCount\":4594,\"publisher\":{\"@id\":\"https:\\\/\\\/socialbee.com\\\/es\\\/#organization\"},\"image\":{\"@id\":\"https:\\\/\\\/socialbee.com\\\/es\\\/blog\\\/marca-personal-ejemplos\\\/#primaryimage\"},\"thumbnailUrl\":\"https:\\\/\\\/socialbee.com\\\/wp-content\\\/uploads\\\/2023\\\/11\\\/10_Inspiring_Personal_Brand_Examples_on_Social_Media_to_Learn_From.png\",\"articleSection\":[\"Branding\",\"ES articles\",\"Marca\",\"Marketing en redes sociales\"],\"inLanguage\":\"es\"},{\"@type\":\"WebPage\",\"@id\":\"https:\\\/\\\/socialbee.com\\\/es\\\/blog\\\/marca-personal-ejemplos\\\/\",\"url\":\"https:\\\/\\\/socialbee.com\\\/es\\\/blog\\\/marca-personal-ejemplos\\\/\",\"name\":\"10 Ejemplos Inspiradores de Marca Personal en las Redes Sociales de los que Aprender - SocialBee\",\"isPartOf\":{\"@id\":\"https:\\\/\\\/socialbee.com\\\/es\\\/#website\"},\"primaryImageOfPage\":{\"@id\":\"https:\\\/\\\/socialbee.com\\\/es\\\/blog\\\/marca-personal-ejemplos\\\/#primaryimage\"},\"image\":{\"@id\":\"https:\\\/\\\/socialbee.com\\\/es\\\/blog\\\/marca-personal-ejemplos\\\/#primaryimage\"},\"thumbnailUrl\":\"https:\\\/\\\/socialbee.com\\\/wp-content\\\/uploads\\\/2023\\\/11\\\/10_Inspiring_Personal_Brand_Examples_on_Social_Media_to_Learn_From.png\",\"datePublished\":\"2023-11-07T17:45:24+00:00\",\"dateModified\":\"2025-07-22T07:26:25+00:00\",\"description\":\"Descubre 10 ejemplos inspiradores de marca personal en las redes sociales. Aprende poderosas estrategias para construir y mejorar la presencia de tu marca en Internet.\",\"breadcrumb\":{\"@id\":\"https:\\\/\\\/socialbee.com\\\/es\\\/blog\\\/marca-personal-ejemplos\\\/#breadcrumb\"},\"inLanguage\":\"es\",\"potentialAction\":[{\"@type\":\"ReadAction\",\"target\":[\"https:\\\/\\\/socialbee.com\\\/es\\\/blog\\\/marca-personal-ejemplos\\\/\"]}]},{\"@type\":\"ImageObject\",\"inLanguage\":\"es\",\"@id\":\"https:\\\/\\\/socialbee.com\\\/es\\\/blog\\\/marca-personal-ejemplos\\\/#primaryimage\",\"url\":\"https:\\\/\\\/socialbee.com\\\/wp-content\\\/uploads\\\/2023\\\/11\\\/10_Inspiring_Personal_Brand_Examples_on_Social_Media_to_Learn_From.png\",\"contentUrl\":\"https:\\\/\\\/socialbee.com\\\/wp-content\\\/uploads\\\/2023\\\/11\\\/10_Inspiring_Personal_Brand_Examples_on_Social_Media_to_Learn_From.png\",\"width\":1200,\"height\":630},{\"@type\":\"BreadcrumbList\",\"@id\":\"https:\\\/\\\/socialbee.com\\\/es\\\/blog\\\/marca-personal-ejemplos\\\/#breadcrumb\",\"itemListElement\":[{\"@type\":\"ListItem\",\"position\":1,\"name\":\"Marketing en redes sociales\",\"item\":\"https:\\\/\\\/socialbee.com\\\/es\\\/blog\\\/redes-sociales\\\/\"},{\"@type\":\"ListItem\",\"position\":2,\"name\":\"10 Ejemplos Inspiradores de Marca Personal en las Redes Sociales de los que Aprender\"}]},{\"@type\":\"WebSite\",\"@id\":\"https:\\\/\\\/socialbee.com\\\/es\\\/#website\",\"url\":\"https:\\\/\\\/socialbee.com\\\/es\\\/\",\"name\":\"SocialBee\",\"description\":\"Social Media Management Platform\",\"publisher\":{\"@id\":\"https:\\\/\\\/socialbee.com\\\/es\\\/#organization\"},\"potentialAction\":[{\"@type\":\"SearchAction\",\"target\":{\"@type\":\"EntryPoint\",\"urlTemplate\":\"https:\\\/\\\/socialbee.com\\\/es\\\/?s={search_term_string}\"},\"query-input\":{\"@type\":\"PropertyValueSpecification\",\"valueRequired\":true,\"valueName\":\"search_term_string\"}}],\"inLanguage\":\"es\"},{\"@type\":\"Organization\",\"@id\":\"https:\\\/\\\/socialbee.com\\\/es\\\/#organization\",\"name\":\"SocialBee\",\"url\":\"https:\\\/\\\/socialbee.com\\\/es\\\/\",\"logo\":{\"@type\":\"ImageObject\",\"inLanguage\":\"es\",\"@id\":\"https:\\\/\\\/socialbee.com\\\/es\\\/#\\\/schema\\\/logo\\\/image\\\/\",\"url\":\"https:\\\/\\\/socialbee.com\\\/wp-content\\\/uploads\\\/2022\\\/08\\\/socialbee-icon-hive.png\",\"contentUrl\":\"https:\\\/\\\/socialbee.com\\\/wp-content\\\/uploads\\\/2022\\\/08\\\/socialbee-icon-hive.png\",\"width\":2000,\"height\":2000,\"caption\":\"SocialBee\"},\"image\":{\"@id\":\"https:\\\/\\\/socialbee.com\\\/es\\\/#\\\/schema\\\/logo\\\/image\\\/\"},\"sameAs\":[\"https:\\\/\\\/www.facebook.com\\\/socialbee.com\\\/\",\"https:\\\/\\\/x.com\\\/SocialBeeHQ\",\"https:\\\/\\\/www.instagram.com\\\/socialbeeteam\\\/\",\"https:\\\/\\\/www.linkedin.com\\\/company\\\/socialbee.com\\\/\",\"https:\\\/\\\/www.youtube.com\\\/channel\\\/UCGu5RruK-fvI-w3xsA9DYGg\"]},{\"@type\":\"Person\",\"@id\":\"https:\\\/\\\/socialbee.com\\\/es\\\/#\\\/schema\\\/person\\\/507599a162bfaa45e32c1018a18a87e1\",\"name\":\"Written by Alexandra, Content Manager at SocialBee\",\"image\":{\"@type\":\"ImageObject\",\"inLanguage\":\"es\",\"@id\":\"https:\\\/\\\/secure.gravatar.com\\\/avatar\\\/981d0fab1c9c26ed872ca832bc947938b601a97b5d1754229cd995709ba7171f?s=96&d=mm&r=g\",\"url\":\"https:\\\/\\\/secure.gravatar.com\\\/avatar\\\/981d0fab1c9c26ed872ca832bc947938b601a97b5d1754229cd995709ba7171f?s=96&d=mm&r=g\",\"contentUrl\":\"https:\\\/\\\/secure.gravatar.com\\\/avatar\\\/981d0fab1c9c26ed872ca832bc947938b601a97b5d1754229cd995709ba7171f?s=96&d=mm&r=g\",\"caption\":\"Written by Alexandra, Content Manager at SocialBee\"},\"description\":\"Alexandra is a content marketer with over five years of experience helping SaaS brands grow through organic content, social media, and SEO. She spends a lot of her time working with social media tools, setting up simple processes to create content that actually works, and making sure it reaches both people and search engines.\",\"sameAs\":[\"https:\\\/\\\/socialbee.com\\\/\"],\"url\":\"https:\\\/\\\/socialbee.com\\\/es\\\/blog\\\/author\\\/alexandra\\\/\"}]}<\/script>\n<!-- \/ Yoast SEO plugin. -->","yoast_head_json":{"title":"10 Ejemplos Inspiradores de Marca Personal en las Redes Sociales de los que Aprender - SocialBee","description":"Descubre 10 ejemplos inspiradores de marca personal en las redes sociales. Aprende poderosas estrategias para construir y mejorar la presencia de tu marca en Internet.","robots":{"index":"index","follow":"follow","max-snippet":"max-snippet:-1","max-image-preview":"max-image-preview:large","max-video-preview":"max-video-preview:-1"},"canonical":"https:\/\/socialbee.com\/es\/blog\/marca-personal-ejemplos\/","og_locale":"es_ES","og_type":"article","og_title":"10 Ejemplos Inspiradores de Marca Personal en las Redes Sociales de los que Aprender","og_description":"Descubre 10 ejemplos inspiradores de marca personal en las redes sociales. Aprende poderosas estrategias para construir y mejorar la presencia de tu marca en Internet.","og_url":"https:\/\/socialbee.com\/es\/blog\/marca-personal-ejemplos\/","og_site_name":"SocialBee","article_publisher":"https:\/\/www.facebook.com\/socialbee.com\/","article_published_time":"2023-11-07T17:45:24+00:00","article_modified_time":"2025-07-22T07:26:25+00:00","og_image":[{"url":"https:\/\/socialbee.com\/wp-content\/uploads\/2023\/11\/10_Inspiring_Personal_Brand_Examples_on_Social_Media_to_Learn_From-1024x538.png","type":"","width":"","height":""}],"author":"Written by Alexandra, Content Manager at SocialBee","twitter_card":"summary_large_image","twitter_title":"10 Ejemplos Inspiradores de Marca Personal en las Redes Sociales de los que Aprender","twitter_description":"Descubre 10 ejemplos inspiradores de marca personal en las redes sociales. Aprende poderosas estrategias para construir y mejorar la presencia de tu marca en Internet.","twitter_image":"https:\/\/socialbee.com\/wp-content\/uploads\/2023\/11\/10_Inspiring_Personal_Brand_Examples_on_Social_Media_to_Learn_From-1024x538.png","twitter_creator":"@SocialBeeHQ","twitter_site":"@SocialBeeHQ","twitter_misc":{"Written by":"Written by Alexandra, Content Manager at SocialBee","Est. reading time":"24 minutos"},"schema":{"@context":"https:\/\/schema.org","@graph":[{"@type":"Article","@id":"https:\/\/socialbee.com\/es\/blog\/marca-personal-ejemplos\/#article","isPartOf":{"@id":"https:\/\/socialbee.com\/es\/blog\/marca-personal-ejemplos\/"},"author":{"name":"Written by Alexandra, Content Manager at SocialBee","@id":"https:\/\/socialbee.com\/es\/#\/schema\/person\/507599a162bfaa45e32c1018a18a87e1"},"headline":"10 Ejemplos Inspiradores de Marca Personal en las Redes Sociales de los que Aprender","datePublished":"2023-11-07T17:45:24+00:00","dateModified":"2025-07-22T07:26:25+00:00","mainEntityOfPage":{"@id":"https:\/\/socialbee.com\/es\/blog\/marca-personal-ejemplos\/"},"wordCount":4594,"publisher":{"@id":"https:\/\/socialbee.com\/es\/#organization"},"image":{"@id":"https:\/\/socialbee.com\/es\/blog\/marca-personal-ejemplos\/#primaryimage"},"thumbnailUrl":"https:\/\/socialbee.com\/wp-content\/uploads\/2023\/11\/10_Inspiring_Personal_Brand_Examples_on_Social_Media_to_Learn_From.png","articleSection":["Branding","ES articles","Marca","Marketing en redes sociales"],"inLanguage":"es"},{"@type":"WebPage","@id":"https:\/\/socialbee.com\/es\/blog\/marca-personal-ejemplos\/","url":"https:\/\/socialbee.com\/es\/blog\/marca-personal-ejemplos\/","name":"10 Ejemplos Inspiradores de Marca Personal en las Redes Sociales de los que Aprender - SocialBee","isPartOf":{"@id":"https:\/\/socialbee.com\/es\/#website"},"primaryImageOfPage":{"@id":"https:\/\/socialbee.com\/es\/blog\/marca-personal-ejemplos\/#primaryimage"},"image":{"@id":"https:\/\/socialbee.com\/es\/blog\/marca-personal-ejemplos\/#primaryimage"},"thumbnailUrl":"https:\/\/socialbee.com\/wp-content\/uploads\/2023\/11\/10_Inspiring_Personal_Brand_Examples_on_Social_Media_to_Learn_From.png","datePublished":"2023-11-07T17:45:24+00:00","dateModified":"2025-07-22T07:26:25+00:00","description":"Descubre 10 ejemplos inspiradores de marca personal en las redes sociales. Aprende poderosas estrategias para construir y mejorar la presencia de tu marca en Internet.","breadcrumb":{"@id":"https:\/\/socialbee.com\/es\/blog\/marca-personal-ejemplos\/#breadcrumb"},"inLanguage":"es","potentialAction":[{"@type":"ReadAction","target":["https:\/\/socialbee.com\/es\/blog\/marca-personal-ejemplos\/"]}]},{"@type":"ImageObject","inLanguage":"es","@id":"https:\/\/socialbee.com\/es\/blog\/marca-personal-ejemplos\/#primaryimage","url":"https:\/\/socialbee.com\/wp-content\/uploads\/2023\/11\/10_Inspiring_Personal_Brand_Examples_on_Social_Media_to_Learn_From.png","contentUrl":"https:\/\/socialbee.com\/wp-content\/uploads\/2023\/11\/10_Inspiring_Personal_Brand_Examples_on_Social_Media_to_Learn_From.png","width":1200,"height":630},{"@type":"BreadcrumbList","@id":"https:\/\/socialbee.com\/es\/blog\/marca-personal-ejemplos\/#breadcrumb","itemListElement":[{"@type":"ListItem","position":1,"name":"Marketing en redes sociales","item":"https:\/\/socialbee.com\/es\/blog\/redes-sociales\/"},{"@type":"ListItem","position":2,"name":"10 Ejemplos Inspiradores de Marca Personal en las Redes Sociales de los que Aprender"}]},{"@type":"WebSite","@id":"https:\/\/socialbee.com\/es\/#website","url":"https:\/\/socialbee.com\/es\/","name":"SocialBee","description":"Social Media Management Platform","publisher":{"@id":"https:\/\/socialbee.com\/es\/#organization"},"potentialAction":[{"@type":"SearchAction","target":{"@type":"EntryPoint","urlTemplate":"https:\/\/socialbee.com\/es\/?s={search_term_string}"},"query-input":{"@type":"PropertyValueSpecification","valueRequired":true,"valueName":"search_term_string"}}],"inLanguage":"es"},{"@type":"Organization","@id":"https:\/\/socialbee.com\/es\/#organization","name":"SocialBee","url":"https:\/\/socialbee.com\/es\/","logo":{"@type":"ImageObject","inLanguage":"es","@id":"https:\/\/socialbee.com\/es\/#\/schema\/logo\/image\/","url":"https:\/\/socialbee.com\/wp-content\/uploads\/2022\/08\/socialbee-icon-hive.png","contentUrl":"https:\/\/socialbee.com\/wp-content\/uploads\/2022\/08\/socialbee-icon-hive.png","width":2000,"height":2000,"caption":"SocialBee"},"image":{"@id":"https:\/\/socialbee.com\/es\/#\/schema\/logo\/image\/"},"sameAs":["https:\/\/www.facebook.com\/socialbee.com\/","https:\/\/x.com\/SocialBeeHQ","https:\/\/www.instagram.com\/socialbeeteam\/","https:\/\/www.linkedin.com\/company\/socialbee.com\/","https:\/\/www.youtube.com\/channel\/UCGu5RruK-fvI-w3xsA9DYGg"]},{"@type":"Person","@id":"https:\/\/socialbee.com\/es\/#\/schema\/person\/507599a162bfaa45e32c1018a18a87e1","name":"Written by Alexandra, Content Manager at SocialBee","image":{"@type":"ImageObject","inLanguage":"es","@id":"https:\/\/secure.gravatar.com\/avatar\/981d0fab1c9c26ed872ca832bc947938b601a97b5d1754229cd995709ba7171f?s=96&d=mm&r=g","url":"https:\/\/secure.gravatar.com\/avatar\/981d0fab1c9c26ed872ca832bc947938b601a97b5d1754229cd995709ba7171f?s=96&d=mm&r=g","contentUrl":"https:\/\/secure.gravatar.com\/avatar\/981d0fab1c9c26ed872ca832bc947938b601a97b5d1754229cd995709ba7171f?s=96&d=mm&r=g","caption":"Written by Alexandra, Content Manager at SocialBee"},"description":"Alexandra is a content marketer with over five years of experience helping SaaS brands grow through organic content, social media, and SEO. She spends a lot of her time working with social media tools, setting up simple processes to create content that actually works, and making sure it reaches both people and search engines.","sameAs":["https:\/\/socialbee.com\/"],"url":"https:\/\/socialbee.com\/es\/blog\/author\/alexandra\/"}]}},"_links":{"self":[{"href":"https:\/\/socialbee.com\/es\/wp-json\/wp\/v2\/posts\/64437","targetHints":{"allow":["GET"]}}],"collection":[{"href":"https:\/\/socialbee.com\/es\/wp-json\/wp\/v2\/posts"}],"about":[{"href":"https:\/\/socialbee.com\/es\/wp-json\/wp\/v2\/types\/post"}],"author":[{"embeddable":true,"href":"https:\/\/socialbee.com\/es\/wp-json\/wp\/v2\/users\/20"}],"replies":[{"embeddable":true,"href":"https:\/\/socialbee.com\/es\/wp-json\/wp\/v2\/comments?post=64437"}],"version-history":[{"count":0,"href":"https:\/\/socialbee.com\/es\/wp-json\/wp\/v2\/posts\/64437\/revisions"}],"wp:featuredmedia":[{"embeddable":true,"href":"https:\/\/socialbee.com\/es\/wp-json\/wp\/v2\/media\/60605"}],"wp:attachment":[{"href":"https:\/\/socialbee.com\/es\/wp-json\/wp\/v2\/media?parent=64437"}],"wp:term":[{"taxonomy":"category","embeddable":true,"href":"https:\/\/socialbee.com\/es\/wp-json\/wp\/v2\/categories?post=64437"},{"taxonomy":"post_tag","embeddable":true,"href":"https:\/\/socialbee.com\/es\/wp-json\/wp\/v2\/tags?post=64437"}],"curies":[{"name":"wp","href":"https:\/\/api.w.org\/{rel}","templated":true}]}}